{"id":18209,"date":"2022-06-23T09:39:54","date_gmt":"2022-06-23T12:39:54","guid":{"rendered":"https:\/\/www.sertsc.org.br\/site\/?p=18209"},"modified":"2022-06-23T09:39:54","modified_gmt":"2022-06-23T12:39:54","slug":"tv-parabolica-e-impactada-com-a-ativacao-do-sinal-do-5g","status":"publish","type":"post","link":"https:\/\/sertsc.org.br\/site\/tv-parabolica-e-impactada-com-a-ativacao-do-sinal-do-5g\/","title":{"rendered":"TV parab\u00f3lica \u00e9 impactada com a ativa\u00e7\u00e3o do sinal do 5G"},"content":{"rendered":"<p>A pol\u00edtica p\u00fablica de migra\u00e7\u00e3o do sinal da TV parab\u00f3lica para a banda Ku se iniciar\u00e1 nos pr\u00f3ximos dias com a ativa\u00e7\u00e3o do sinal do 5G nas capitais brasileiras.<\/p>\n<p>A implementa\u00e7\u00e3o do processo permitir\u00e1 \u00e0 popula\u00e7\u00e3o brasileira o acesso \u00e0 TV parab\u00f3lica tamb\u00e9m no formato digital, que oferece melhor som e imagem e sem custo de assinatura.<\/p>\n<p>O processo ser\u00e1 conduzido pela Siga Antenado (EAF \u2013 Entidade Administradora da Faixa), uma associa\u00e7\u00e3o sem fins lucrativos constitu\u00edda pelas operadoras Claro, TIM e Vivo, vencedoras dos lotes nacionais do edital de licita\u00e7\u00e3o do 5G.<\/p>\n<p>A primeira capital do pa\u00eds a ativar o sinal do 5G ser\u00e1 Bras\u00edlia, com data prevista para 30 de junho de 2022.<\/p>\n<p>Para o \u00eaxito do processo e a consequente prote\u00e7\u00e3o dos sinais das esta\u00e7\u00f5es profissionais de radiodifus\u00e3o (FSS \u2013 Fixed Satellite Services), que j\u00e1 operam na faixa acima de 3.700 MHz, a Siga Antenado realizar\u00e1 a instala\u00e7\u00e3o de filtros para mitigar poss\u00edveis interfer\u00eancias.<\/p>\n<p>A instala\u00e7\u00e3o ser\u00e1 gratuita e realizada por t\u00e9cnicos devidamente capacitados, contratados pela Siga Antenado.<\/p>\n<p>Para mais informa\u00e7\u00f5es e agendamento da instala\u00e7\u00e3o, \u00e9 importante que as emissoras entrem em contato com a central de relacionamento da Siga Antenado, pelo telefone (81) 3419-5904, ou enviem um e-mail com os dados para atendimentofss@sigaantenado.com.br.<\/p>\n<p><img fetchpriority=\"high\" decoding=\"async\" class=\"wp-image-18210 aligncenter\" src=\"https:\/\/www.sertsc.org.br\/site\/wp-content\/uploads\/2022\/06\/Aniversario-Email-22-8-300x200.png\" alt=\"\" width=\"504\" height=\"336\" \/><\/p>\n<p>Fonte: Abratel.<\/p>\n","protected":false},"excerpt":{"rendered":"<p>A pol\u00edtica p\u00fablica de migra\u00e7\u00e3o do sinal da TV parab\u00f3lica&hellip;<\/p>\n<p> <a class=\"more-link\" href=\"https:\/\/sertsc.org.br\/site\/tv-parabolica-e-impactada-com-a-ativacao-do-sinal-do-5g\/\">Leia mais<\/a><\/p>\n","protected":false},"author":1,"featured_media":18210,"comment_status":"open","ping_status":"open","sticky":false,"template":"","format":"standard","meta":{"footnotes":""},"categories":[33,3],"tags":[],"class_list":{"0":"post-18209","1":"post","2":"type-post","3":"status-publish","4":"format-standard","5":"has-post-thumbnail","7":"category-destaques","8":"category-noticias"},"_links":{"self":[{"href":"https:\/\/sertsc.org.br\/site\/wp-json\/wp\/v2\/posts\/18209","targetHints":{"allow":["GET"]}}],"collection":[{"href":"https:\/\/sertsc.org.br\/site\/wp-json\/wp\/v2\/posts"}],"about":[{"href":"https:\/\/sertsc.org.br\/site\/wp-json\/wp\/v2\/types\/post"}],"author":[{"embeddable":true,"href":"https:\/\/sertsc.org.br\/site\/wp-json\/wp\/v2\/users\/1"}],"replies":[{"embeddable":true,"href":"https:\/\/sertsc.org.br\/site\/wp-json\/wp\/v2\/comments?post=18209"}],"version-history":[{"count":0,"href":"https:\/\/sertsc.org.br\/site\/wp-json\/wp\/v2\/posts\/18209\/revisions"}],"wp:featuredmedia":[{"embeddable":true,"href":"https:\/\/sertsc.org.br\/site\/wp-json\/"}],"wp:attachment":[{"href":"https:\/\/sertsc.org.br\/site\/wp-json\/wp\/v2\/media?parent=18209"}],"wp:term":[{"taxonomy":"category","embeddable":true,"href":"https:\/\/sertsc.org.br\/site\/wp-json\/wp\/v2\/categories?post=18209"},{"taxonomy":"post_tag","embeddable":true,"href":"https:\/\/sertsc.org.br\/site\/wp-json\/wp\/v2\/tags?post=18209"}],"curies":[{"name":"wp","href":"https:\/\/api.w.org\/{rel}","templated":true}]}}