{"id":18206,"date":"2022-06-23T09:26:43","date_gmt":"2022-06-23T12:26:43","guid":{"rendered":"https:\/\/www.sertsc.org.br\/site\/?p=18206"},"modified":"2022-06-23T09:26:43","modified_gmt":"2022-06-23T12:26:43","slug":"proposta-defende-a-obrigacao-de-tvs-e-radios-publicas-veicularem-mensagens-contra-abuso-sexual-de-criancas","status":"publish","type":"post","link":"https:\/\/sertsc.org.br\/site\/proposta-defende-a-obrigacao-de-tvs-e-radios-publicas-veicularem-mensagens-contra-abuso-sexual-de-criancas\/","title":{"rendered":"Proposta defende a obriga\u00e7\u00e3o de TVs e r\u00e1dios p\u00fablicas veicularem mensagens contra abuso sexual de crian\u00e7as"},"content":{"rendered":"<p>A proposta foi aprovada pela Comiss\u00e3o de Seguridade Social e Fam\u00edlia da C\u00e2mara dos Deputados. O texto obriga as emissoras de r\u00e1dio e TV educativas e as vinculadas aos Poderes da Uni\u00e3o, estados, Distrito Federal e munic\u00edpios a transmitir diariamente mensagens de combate \u00e0 explora\u00e7\u00e3o e abuso sexual de crian\u00e7as e adolescentes.<\/p>\n<p>A medida \u00e9 inserida no C\u00f3digo Brasileiro de Telecomunica\u00e7\u00f5es. A proposta prev\u00ea que os \u00f3rg\u00e3os ligados \u00e0 comunica\u00e7\u00e3o social do Poder P\u00fablico Federal elaborem, produzam e distribuam as mensagens, quando as emissoras n\u00e3o o fizerem, na forma da regulamenta\u00e7\u00e3o. As mensagens dever\u00e3o ter dura\u00e7\u00e3o m\u00ednima de 15 segundos e conter\u00e3o:<\/p>\n<ul>\n<li>as leis que tipificam o crime de explora\u00e7\u00e3o sexual de crian\u00e7as e adolescentes e crimes afins, com advert\u00eancia, falada e escrita, sobre a pena para esses crimes;<\/li>\n<li>o n\u00famero de telefone para den\u00fancias de explora\u00e7\u00e3o ou abuso sexual de menores e adolescentes;<\/li>\n<li>informa\u00e7\u00f5es de conte\u00fado educativo sobre a mat\u00e9ria.<\/li>\n<\/ul>\n<p>O texto aprovado \u00e9 o substitutivo da Comiss\u00e3o de Ci\u00eancia e Tecnologia, Comunica\u00e7\u00e3o e Inform\u00e1tica ao Projeto de Lei 1022\/19, da ex-deputada Flordelis (RJ). O relator na Comiss\u00e3o de Seguridade Social, deputado Ossesio Silva (Republicanos-PE), recomendou a aprova\u00e7\u00e3o da proposta na forma do substitutivo adotado pela Comiss\u00e3o de Ci\u00eancia e Tecnologia, que juntou num s\u00f3 texto tamb\u00e9m propostas apensadas.<\/p>\n<p>\u201cA ideia de alertar a sociedade para a gravidade dos crimes de explora\u00e7\u00e3o sexual de crian\u00e7as e adolescentes \u00e9 muito bem-vinda, notadamente em um contexto de m\u00faltiplas oportunidades de comunica\u00e7\u00e3o e intera\u00e7\u00e3o, atrav\u00e9s de meios de comunica\u00e7\u00e3o anal\u00f3gicos e digitais\u201d, afirmou o relator.<\/p>\n<p>O projeto original obriga todas as emissoras de r\u00e1dio e TV e prestadoras do servi\u00e7o de TV por assinatura a transmitir, antes e ap\u00f3s a exibi\u00e7\u00e3o de programa\u00e7\u00e3o com conte\u00fado sexual, mensagens de combate \u00e0 explora\u00e7\u00e3o sexual de crian\u00e7as e adolescentes.<\/p>\n<p>Maio laranja<br \/>\nA proposta aprovada tamb\u00e9m institui a campanha \u201cMaio Laranja\u201d, a se realizar anualmente no m\u00eas de maio em todo o territ\u00f3rio nacional, com a\u00e7\u00f5es de combate ao abuso e \u00e0 explora\u00e7\u00e3o sexual de crian\u00e7as e adolescentes, nos termos do regulamento.<\/p>\n<p>Entre as atividades da campanha, est\u00e3o previstas a ilumina\u00e7\u00e3o de pr\u00e9dios p\u00fablicos com luzes de cor laranja; e a promo\u00e7\u00e3o de palestras, eventos e atividades educativas.<\/p>\n<p>O substitutivo inclui na Lei Geral de Telecomunica\u00e7\u00f5es artigo obrigando, no m\u00eas de maio, as prestadoras de servi\u00e7os de comunica\u00e7\u00e3o m\u00f3vel pessoal, em qualquer modalidade, a veicular mensagens informativas com o objetivo de combater o abuso e a explora\u00e7\u00e3o sexual de crian\u00e7as e adolescentes e o compartilhamento e distribui\u00e7\u00e3o de imagens com nudez de menores.<\/p>\n<p>Essas mensagens dever\u00e3o ser veiculadas por meio de qualquer ve\u00edculo de comunica\u00e7\u00e3o de que as operadoras disponham para o contato com os seus usu\u00e1rios. O assinante poder\u00e1 solicitar \u00e0 prestadora, a qualquer tempo e de forma gratuita, o n\u00e3o recebimento das mensagens.<\/p>\n<p>Internet<br \/>\nA proposta tamb\u00e9m inclui, no Marco Civil da Internet, previs\u00e3o de que as iniciativas p\u00fablicas de fomento \u00e0 cultura digital e de promo\u00e7\u00e3o da internet como ferramenta social desenvolvam e produzam, de forma cont\u00ednua, em todos os n\u00edveis de ensino, campanhas de educa\u00e7\u00e3o e conscientiza\u00e7\u00e3o para combater e desencorajar o abuso e a explora\u00e7\u00e3o sexual de crian\u00e7as e adolescentes.<\/p>\n<p>Por fim, o texto aprovado obriga os hot\u00e9is, bares, restaurantes e estabelecimentos comerciais similares a afixar, em local vis\u00edvel ao p\u00fablico, placa de advert\u00eancia, com os seguintes dizeres: \u201cSubmeter crian\u00e7a ou adolescente \u00e0 prostitui\u00e7\u00e3o ou \u00e0 explora\u00e7\u00e3o sexual \u00e9 crime e d\u00e1 cadeia\u201d.<\/p>\n<p>O descumprimento da medida sujeitar\u00e1 o infrator \u00e0 advert\u00eancia e \u00e0 multa de at\u00e9 20 sal\u00e1rios m\u00ednimos, dobrada em caso de reincid\u00eancia.<\/p>\n<p>Tramita\u00e7\u00e3o<br \/>\nA proposta ser\u00e1 analisada em car\u00e1ter conclusivo pela Comiss\u00e3o de Constitui\u00e7\u00e3o e Justi\u00e7a e de Cidadania.<\/p>\n<p><img fetchpriority=\"high\" decoding=\"async\" class=\"wp-image-18207 aligncenter\" src=\"https:\/\/www.sertsc.org.br\/site\/wp-content\/uploads\/2022\/06\/Aniversario-Email-22-7-300x200.png\" alt=\"\" width=\"500\" height=\"333\" \/><\/p>\n<p>Fonte: Abratel.<\/p>\n","protected":false},"excerpt":{"rendered":"<p>A proposta foi aprovada pela Comiss\u00e3o de Seguridade Social e&hellip;<\/p>\n<p> <a class=\"more-link\" href=\"https:\/\/sertsc.org.br\/site\/proposta-defende-a-obrigacao-de-tvs-e-radios-publicas-veicularem-mensagens-contra-abuso-sexual-de-criancas\/\">Leia mais<\/a><\/p>\n","protected":false},"author":1,"featured_media":18207,"comment_status":"open","ping_status":"open","sticky":false,"template":"","format":"standard","meta":{"footnotes":""},"categories":[33,3],"tags":[],"class_list":{"0":"post-18206","1":"post","2":"type-post","3":"status-publish","4":"format-standard","5":"has-post-thumbnail","7":"category-destaques","8":"category-noticias"},"_links":{"self":[{"href":"https:\/\/sertsc.org.br\/site\/wp-json\/wp\/v2\/posts\/18206","targetHints":{"allow":["GET"]}}],"collection":[{"href":"https:\/\/sertsc.org.br\/site\/wp-json\/wp\/v2\/posts"}],"about":[{"href":"https:\/\/sertsc.org.br\/site\/wp-json\/wp\/v2\/types\/post"}],"author":[{"embeddable":true,"href":"https:\/\/sertsc.org.br\/site\/wp-json\/wp\/v2\/users\/1"}],"replies":[{"embeddable":true,"href":"https:\/\/sertsc.org.br\/site\/wp-json\/wp\/v2\/comments?post=18206"}],"version-history":[{"count":0,"href":"https:\/\/sertsc.org.br\/site\/wp-json\/wp\/v2\/posts\/18206\/revisions"}],"wp:featuredmedia":[{"embeddable":true,"href":"https:\/\/sertsc.org.br\/site\/wp-json\/"}],"wp:attachment":[{"href":"https:\/\/sertsc.org.br\/site\/wp-json\/wp\/v2\/media?parent=18206"}],"wp:term":[{"taxonomy":"category","embeddable":true,"href":"https:\/\/sertsc.org.br\/site\/wp-json\/wp\/v2\/categories?post=18206"},{"taxonomy":"post_tag","embeddable":true,"href":"https:\/\/sertsc.org.br\/site\/wp-json\/wp\/v2\/tags?post=18206"}],"curies":[{"name":"wp","href":"https:\/\/api.w.org\/{rel}","templated":true}]}}