{"id":18203,"date":"2022-06-23T09:10:06","date_gmt":"2022-06-23T12:10:06","guid":{"rendered":"https:\/\/www.sertsc.org.br\/site\/?p=18203"},"modified":"2022-06-23T09:10:06","modified_gmt":"2022-06-23T12:10:06","slug":"aprovado-pelo-senado-projeto-de-lei-que-permite-cessao-de-programacao-de-radio-e-tv-para-producao-independente","status":"publish","type":"post","link":"https:\/\/sertsc.org.br\/site\/aprovado-pelo-senado-projeto-de-lei-que-permite-cessao-de-programacao-de-radio-e-tv-para-producao-independente\/","title":{"rendered":"Aprovado pelo Senado projeto de Lei que permite cess\u00e3o de programa\u00e7\u00e3o de r\u00e1dio e TV para produ\u00e7\u00e3o independente"},"content":{"rendered":"<p>O projeto de lei que permite r\u00e1dios e canais de TV a cederem o tempo integral de suas programa\u00e7\u00f5es para exibi\u00e7\u00e3o de programas produzidos de forma independente foi aprovado pelo Senado Federal nesta ter\u00e7a-feira (21). Segue agora para san\u00e7\u00e3o presidencial, pois j\u00e1 passou pela C\u00e2mara dos Deputados e Senado, sem altera\u00e7\u00f5es.<\/p>\n<p>De acordo com o texto aprovado no Congresso Nacional, o projeto prev\u00ea que, mesmo com cess\u00e3o total de programa\u00e7\u00e3o, ela deve ter finalidades educativas e culturais. Atualmente, a emissora pode ceder apenas 25% de sua programa\u00e7\u00e3o, o que agora vira um limite para a publicidade.<\/p>\n<p>O projeto estabelece ainda que as emissoras v\u00e3o ser responsabilizadas por eventuais irregularidades na programa\u00e7\u00e3o, al\u00e9m de vedar \u00e0s concession\u00e1rias e permission\u00e1rias transferir, comercializar e ceder a gest\u00e3o total ou parcial da execu\u00e7\u00e3o do servi\u00e7o de radiodifus\u00e3o.<\/p>\n<p>A cess\u00e3o de espa\u00e7o para igrejas j\u00e1 foi questionada pela Justi\u00e7a, com a Justi\u00e7a Federal chegando a condenar duas emissoras de TV aberta a reduzirem o per\u00edodo total comercializado de sua grade para 25% do tempo di\u00e1rio, inclusive os espa\u00e7os comercializados a entidades religiosas ou sem fins lucrativos. O projeto aprovado pelo Senado com essa limita\u00e7\u00e3o.<\/p>\n<p><img fetchpriority=\"high\" decoding=\"async\" class=\"wp-image-18204 aligncenter\" src=\"https:\/\/www.sertsc.org.br\/site\/wp-content\/uploads\/2022\/06\/Aniversario-Email-22-6-300x200.png\" alt=\"\" width=\"485\" height=\"323\" \/><\/p>\n<p>Fonte: Tudo R\u00e1dio.<\/p>\n","protected":false},"excerpt":{"rendered":"<p>O projeto de lei que permite r\u00e1dios e canais de&hellip;<\/p>\n<p> <a class=\"more-link\" href=\"https:\/\/sertsc.org.br\/site\/aprovado-pelo-senado-projeto-de-lei-que-permite-cessao-de-programacao-de-radio-e-tv-para-producao-independente\/\">Leia mais<\/a><\/p>\n","protected":false},"author":1,"featured_media":18204,"comment_status":"open","ping_status":"open","sticky":false,"template":"","format":"standard","meta":{"footnotes":""},"categories":[33,3],"tags":[],"class_list":{"0":"post-18203","1":"post","2":"type-post","3":"status-publish","4":"format-standard","5":"has-post-thumbnail","7":"category-destaques","8":"category-noticias"},"_links":{"self":[{"href":"https:\/\/sertsc.org.br\/site\/wp-json\/wp\/v2\/posts\/18203","targetHints":{"allow":["GET"]}}],"collection":[{"href":"https:\/\/sertsc.org.br\/site\/wp-json\/wp\/v2\/posts"}],"about":[{"href":"https:\/\/sertsc.org.br\/site\/wp-json\/wp\/v2\/types\/post"}],"author":[{"embeddable":true,"href":"https:\/\/sertsc.org.br\/site\/wp-json\/wp\/v2\/users\/1"}],"replies":[{"embeddable":true,"href":"https:\/\/sertsc.org.br\/site\/wp-json\/wp\/v2\/comments?post=18203"}],"version-history":[{"count":0,"href":"https:\/\/sertsc.org.br\/site\/wp-json\/wp\/v2\/posts\/18203\/revisions"}],"wp:featuredmedia":[{"embeddable":true,"href":"https:\/\/sertsc.org.br\/site\/wp-json\/"}],"wp:attachment":[{"href":"https:\/\/sertsc.org.br\/site\/wp-json\/wp\/v2\/media?parent=18203"}],"wp:term":[{"taxonomy":"category","embeddable":true,"href":"https:\/\/sertsc.org.br\/site\/wp-json\/wp\/v2\/categories?post=18203"},{"taxonomy":"post_tag","embeddable":true,"href":"https:\/\/sertsc.org.br\/site\/wp-json\/wp\/v2\/tags?post=18203"}],"curies":[{"name":"wp","href":"https:\/\/api.w.org\/{rel}","templated":true}]}}