{"id":18196,"date":"2022-06-20T10:57:18","date_gmt":"2022-06-20T13:57:18","guid":{"rendered":"https:\/\/www.sertsc.org.br\/site\/?p=18196"},"modified":"2022-06-20T10:57:18","modified_gmt":"2022-06-20T13:57:18","slug":"encontro-regional-da-radiodifusao-em-joinville","status":"publish","type":"post","link":"https:\/\/sertsc.org.br\/site\/encontro-regional-da-radiodifusao-em-joinville\/","title":{"rendered":"Encontro Regional da Radiodifus\u00e3o em Joinville"},"content":{"rendered":"<p>Nesta ter\u00e7a-feira, 21, o Sindicato das Empresas de R\u00e1dio e Televis\u00e3o de Santa Catarina (SERT\/SC) inicia a s\u00e9rie de Encontros Regionais. O primeiro acontece em Joinville, no Hotel Bourbon.<\/p>\n<p>Al\u00e9m de ser um momento para o compartilhamento de experi\u00eancias, o Encontro tamb\u00e9m ter\u00e1 como foco a capacita\u00e7\u00e3o das equipes das emissoras. Ser\u00e3o tr\u00eas workshops: \u201cVenda Certa\u201d, com a professora e consultora Kelly Costa; \u201cLGPD para Radiodifus\u00e3o\u201d, com Dr. Marcos Ant\u00f4nio Silveira; \u201cAmbiente Criativo para Transformar a sua R\u00e1dio\u201d, com Robson Ferri da Conte\u00fado Play.<\/p>\n<p>O SERT\/SC em resposta \u00e0s demandas das filiadas privilegiou a reciclagem e atualiza\u00e7\u00e3o tamb\u00e9m dos times das emissoras. \u201cA inova\u00e7\u00e3o em r\u00e1dio e tv \u00e9 diretamente proporcional ao quanto a gest\u00e3o est\u00e1 pautada para abra\u00e7ar a nova realidade. A capacita\u00e7\u00e3o das equipes \u00e9 uma prerrogativa para potencializar talentos e estrat\u00e9gias\u201d, afirma Humberto Ohf de Andrade, presidente do SERT\/SC.<\/p>\n<p>Para saber mais, acesse a programa\u00e7\u00e3o do evento.<\/p>\n<blockquote class=\"wp-embedded-content\" data-secret=\"P7crT9xWRE\"><p><a href=\"https:\/\/sertsc.org.br\/site\/programacao-encontros-regionais-sert-sc\/\">Programa\u00e7\u00e3o Encontros Regionais SERT\/SC<\/a><\/p><\/blockquote>\n<p><iframe class=\"wp-embedded-content\" sandbox=\"allow-scripts\" security=\"restricted\" style=\"position: absolute; clip: rect(1px, 1px, 1px, 1px);\" title=\"&#8220;Programa\u00e7\u00e3o Encontros Regionais SERT\/SC&#8221; &#8212; SERT\/SC - Sindicato das Empresas de R\u00e1dio e Televis\u00e3o do Estado de Santa Catarina\" src=\"https:\/\/sertsc.org.br\/site\/programacao-encontros-regionais-sert-sc\/embed\/#?secret=XaKKXc3twx#?secret=P7crT9xWRE\" data-secret=\"P7crT9xWRE\" width=\"600\" height=\"338\" frameborder=\"0\" marginwidth=\"0\" marginheight=\"0\" scrolling=\"no\"><\/iframe><\/p>\n<p>&nbsp;<\/p>\n","protected":false},"excerpt":{"rendered":"<p>Nesta ter\u00e7a-feira, 21, o Sindicato das Empresas de R\u00e1dio e&hellip;<\/p>\n<p> <a class=\"more-link\" href=\"https:\/\/sertsc.org.br\/site\/encontro-regional-da-radiodifusao-em-joinville\/\">Leia mais<\/a><\/p>\n","protected":false},"author":1,"featured_media":18197,"comment_status":"open","ping_status":"open","sticky":false,"template":"","format":"standard","meta":{"footnotes":""},"categories":[33,3],"tags":[],"class_list":{"0":"post-18196","1":"post","2":"type-post","3":"status-publish","4":"format-standard","5":"has-post-thumbnail","7":"category-destaques","8":"category-noticias"},"_links":{"self":[{"href":"https:\/\/sertsc.org.br\/site\/wp-json\/wp\/v2\/posts\/18196","targetHints":{"allow":["GET"]}}],"collection":[{"href":"https:\/\/sertsc.org.br\/site\/wp-json\/wp\/v2\/posts"}],"about":[{"href":"https:\/\/sertsc.org.br\/site\/wp-json\/wp\/v2\/types\/post"}],"author":[{"embeddable":true,"href":"https:\/\/sertsc.org.br\/site\/wp-json\/wp\/v2\/users\/1"}],"replies":[{"embeddable":true,"href":"https:\/\/sertsc.org.br\/site\/wp-json\/wp\/v2\/comments?post=18196"}],"version-history":[{"count":0,"href":"https:\/\/sertsc.org.br\/site\/wp-json\/wp\/v2\/posts\/18196\/revisions"}],"wp:featuredmedia":[{"embeddable":true,"href":"https:\/\/sertsc.org.br\/site\/wp-json\/"}],"wp:attachment":[{"href":"https:\/\/sertsc.org.br\/site\/wp-json\/wp\/v2\/media?parent=18196"}],"wp:term":[{"taxonomy":"category","embeddable":true,"href":"https:\/\/sertsc.org.br\/site\/wp-json\/wp\/v2\/categories?post=18196"},{"taxonomy":"post_tag","embeddable":true,"href":"https:\/\/sertsc.org.br\/site\/wp-json\/wp\/v2\/tags?post=18196"}],"curies":[{"name":"wp","href":"https:\/\/api.w.org\/{rel}","templated":true}]}}