{"id":18191,"date":"2022-06-20T09:57:13","date_gmt":"2022-06-20T12:57:13","guid":{"rendered":"https:\/\/www.sertsc.org.br\/site\/?p=18191"},"modified":"2022-06-20T09:57:13","modified_gmt":"2022-06-20T12:57:13","slug":"a-primeira-capital-a-ser-liberada-para-5g-em-35-ghz-pode-ser-brasilia","status":"publish","type":"post","link":"https:\/\/sertsc.org.br\/site\/a-primeira-capital-a-ser-liberada-para-5g-em-35-ghz-pode-ser-brasilia\/","title":{"rendered":"A primeira capital a ser liberada para 5G em 3,5 GHz pode ser Bras\u00edlia"},"content":{"rendered":"<p>Em reuni\u00e3o do grupo executivo (GAISPI) que acompanha os trabalhos da EAF, entidade respons\u00e1vel pela implementa\u00e7\u00e3o dos compromissos da faixa de 3,5 GHz, foi salientado na quarta-feira, dia 15, a possibilidade da libera\u00e7\u00e3o ainda em julho de Bras\u00edlia.<\/p>\n<p>As duas miss\u00f5es mais imediatas da EAF s\u00e3o assegurar que os servi\u00e7os profissionais de sat\u00e9lite (FSS) n\u00e3o sofram interfer\u00eancias, e tamb\u00e9m iniciar a distribui\u00e7\u00e3o de kits de recep\u00e7\u00e3o dos sinais de TV aberta em banda Ku para os banafici\u00e1rios do cadastro \u00fanico que dependam da tecnologia. Bras\u00edlia surge no horizonte como a capital mais simples de ser rapidamente operacionalizada, mas o GAISPI ainda quer acompanhar o in\u00edcio dos trabalhos para poder autorizar definitivamente as transmiss\u00f5es de 5G na faixa de 3,5 GHz.<\/p>\n<p>Vale lembrar que o mesmo GAISPI havia proposto, e o conselho diretor da Anatel ratificou, a posterga\u00e7\u00e3o por 60 dias do prazo para in\u00edcio das opera\u00e7\u00f5es, devido a problemas log\u00edsticos na importa\u00e7\u00e3o dos kits necess\u00e1rios para mitiga\u00e7\u00e3o das interfer\u00eancias. Como Bras\u00edlia requer uma quantidade pequena de filtros (s\u00e3o 97 esta\u00e7\u00f5es que precisam dos LNBFs) e tem poucas fam\u00edlias do Cadastro \u00danico dependentes do sat\u00e9lite para assistir TV (3,4 mil), seria mais vi\u00e1vel atender a capital primeiro. O martelo pode ser batido em reuni\u00e3o extraordin\u00e1ria do GAISPI ou na pr\u00f3xima reuni\u00e3o ordin\u00e1ria, dia 13 de julho.<\/p>\n<p><img fetchpriority=\"high\" decoding=\"async\" class=\"wp-image-18193 aligncenter\" src=\"https:\/\/www.sertsc.org.br\/site\/wp-content\/uploads\/2022\/06\/Aniversario-Email-22-5-300x200.png\" alt=\"\" width=\"506\" height=\"337\" \/><\/p>\n<p>Fonte: Teletime.<\/p>\n","protected":false},"excerpt":{"rendered":"<p>Em reuni\u00e3o do grupo executivo (GAISPI) que acompanha os trabalhos&hellip;<\/p>\n<p> <a class=\"more-link\" href=\"https:\/\/sertsc.org.br\/site\/a-primeira-capital-a-ser-liberada-para-5g-em-35-ghz-pode-ser-brasilia\/\">Leia mais<\/a><\/p>\n","protected":false},"author":1,"featured_media":18193,"comment_status":"open","ping_status":"open","sticky":false,"template":"","format":"standard","meta":{"footnotes":""},"categories":[33,3],"tags":[],"class_list":{"0":"post-18191","1":"post","2":"type-post","3":"status-publish","4":"format-standard","5":"has-post-thumbnail","7":"category-destaques","8":"category-noticias"},"_links":{"self":[{"href":"https:\/\/sertsc.org.br\/site\/wp-json\/wp\/v2\/posts\/18191","targetHints":{"allow":["GET"]}}],"collection":[{"href":"https:\/\/sertsc.org.br\/site\/wp-json\/wp\/v2\/posts"}],"about":[{"href":"https:\/\/sertsc.org.br\/site\/wp-json\/wp\/v2\/types\/post"}],"author":[{"embeddable":true,"href":"https:\/\/sertsc.org.br\/site\/wp-json\/wp\/v2\/users\/1"}],"replies":[{"embeddable":true,"href":"https:\/\/sertsc.org.br\/site\/wp-json\/wp\/v2\/comments?post=18191"}],"version-history":[{"count":0,"href":"https:\/\/sertsc.org.br\/site\/wp-json\/wp\/v2\/posts\/18191\/revisions"}],"wp:featuredmedia":[{"embeddable":true,"href":"https:\/\/sertsc.org.br\/site\/wp-json\/"}],"wp:attachment":[{"href":"https:\/\/sertsc.org.br\/site\/wp-json\/wp\/v2\/media?parent=18191"}],"wp:term":[{"taxonomy":"category","embeddable":true,"href":"https:\/\/sertsc.org.br\/site\/wp-json\/wp\/v2\/categories?post=18191"},{"taxonomy":"post_tag","embeddable":true,"href":"https:\/\/sertsc.org.br\/site\/wp-json\/wp\/v2\/tags?post=18191"}],"curies":[{"name":"wp","href":"https:\/\/api.w.org\/{rel}","templated":true}]}}