{"id":18178,"date":"2022-06-15T11:20:00","date_gmt":"2022-06-15T14:20:00","guid":{"rendered":"https:\/\/www.sertsc.org.br\/site\/?p=18178"},"modified":"2022-06-15T11:20:00","modified_gmt":"2022-06-15T14:20:00","slug":"congresso-nacional-aprova-teto-do-icms-para-servicos-de-telecomunicacoes","status":"publish","type":"post","link":"https:\/\/sertsc.org.br\/site\/congresso-nacional-aprova-teto-do-icms-para-servicos-de-telecomunicacoes\/","title":{"rendered":"Congresso Nacional aprova teto do ICMS para servi\u00e7os de telecomunica\u00e7\u00f5es"},"content":{"rendered":"<p>A C\u00e2mara dos Deputados aprovou por unanimidade, nesta ter\u00e7a-feira (13), o Projeto de Lei Complementar (PLP) 18\/2022 que estabelece teto de 17% do Imposto sobre Circula\u00e7\u00e3o de Mercadorias e Presta\u00e7\u00e3o de Servi\u00e7os (ICMS) sobre combust\u00edveis, energia el\u00e9trica, servi\u00e7os de telecomunica\u00e7\u00f5es e de transporte p\u00fablico. Al\u00e9m de passarem a ser considerados essenciais e indispens\u00e1veis, os bens e servi\u00e7os indicados na norma recebem al\u00edquotas diferenciadas dos produtos listados como sup\u00e9rfluos. A mat\u00e9ria segue, agora, para san\u00e7\u00e3o do presidente da Rep\u00fablica, Jair Bolsonaro.<\/p>\n<p>&#8220;O setor de Telecom tem a terceira maior carga tribut\u00e1ria do pa\u00eds e lutamos para baratear o custo para o consumidor final. A aprova\u00e7\u00e3o da nova tributa\u00e7\u00e3o no Congresso \u00e9 uma vit\u00f3ria de todos os brasileiros&#8221;, comemorou o ministro das Comunica\u00e7\u00f5es, F\u00e1bio Faria. Segundo estudo da Ag\u00eancia Nacional de Telecomunica\u00e7\u00f5es (Anatel), a carga tribut\u00e1ria no setor de Telecomunica\u00e7\u00f5es no Brasil fica, em m\u00e9dia, em 30% e tem no ICMS o seu principal tributo.<\/p>\n<p>A expectativa do Governo Federal \u00e9 que, com a aprova\u00e7\u00e3o do teto proposto, haja uma redu\u00e7\u00e3o nos pre\u00e7os dos produtos e servi\u00e7os essenciais elencados, acarretando, ainda, em um incremento na economia como um todo. &#8220;A medida vem sendo trabalhada pelos parlamentares e membros do Executivo h\u00e1 muito tempo e as mudan\u00e7as ser\u00e3o sentidas pela popula\u00e7\u00e3o em breve&#8221;, destacou Faria.<\/p>\n<p><img fetchpriority=\"high\" decoding=\"async\" class=\"wp-image-18179 aligncenter\" src=\"https:\/\/www.sertsc.org.br\/site\/wp-content\/uploads\/2022\/06\/Aniversario-Email-22-2-1-300x200.png\" alt=\"\" width=\"492\" height=\"328\" \/><\/p>\n<p>Fonte: MCOM.<\/p>\n","protected":false},"excerpt":{"rendered":"<p>A C\u00e2mara dos Deputados aprovou por unanimidade, nesta ter\u00e7a-feira (13),&hellip;<\/p>\n<p> <a class=\"more-link\" href=\"https:\/\/sertsc.org.br\/site\/congresso-nacional-aprova-teto-do-icms-para-servicos-de-telecomunicacoes\/\">Leia mais<\/a><\/p>\n","protected":false},"author":1,"featured_media":18179,"comment_status":"open","ping_status":"open","sticky":false,"template":"","format":"standard","meta":{"footnotes":""},"categories":[33,3],"tags":[],"class_list":{"0":"post-18178","1":"post","2":"type-post","3":"status-publish","4":"format-standard","5":"has-post-thumbnail","7":"category-destaques","8":"category-noticias"},"_links":{"self":[{"href":"https:\/\/sertsc.org.br\/site\/wp-json\/wp\/v2\/posts\/18178","targetHints":{"allow":["GET"]}}],"collection":[{"href":"https:\/\/sertsc.org.br\/site\/wp-json\/wp\/v2\/posts"}],"about":[{"href":"https:\/\/sertsc.org.br\/site\/wp-json\/wp\/v2\/types\/post"}],"author":[{"embeddable":true,"href":"https:\/\/sertsc.org.br\/site\/wp-json\/wp\/v2\/users\/1"}],"replies":[{"embeddable":true,"href":"https:\/\/sertsc.org.br\/site\/wp-json\/wp\/v2\/comments?post=18178"}],"version-history":[{"count":0,"href":"https:\/\/sertsc.org.br\/site\/wp-json\/wp\/v2\/posts\/18178\/revisions"}],"wp:featuredmedia":[{"embeddable":true,"href":"https:\/\/sertsc.org.br\/site\/wp-json\/"}],"wp:attachment":[{"href":"https:\/\/sertsc.org.br\/site\/wp-json\/wp\/v2\/media?parent=18178"}],"wp:term":[{"taxonomy":"category","embeddable":true,"href":"https:\/\/sertsc.org.br\/site\/wp-json\/wp\/v2\/categories?post=18178"},{"taxonomy":"post_tag","embeddable":true,"href":"https:\/\/sertsc.org.br\/site\/wp-json\/wp\/v2\/tags?post=18178"}],"curies":[{"name":"wp","href":"https:\/\/api.w.org\/{rel}","templated":true}]}}