{"id":18174,"date":"2022-06-15T10:47:35","date_gmt":"2022-06-15T13:47:35","guid":{"rendered":"https:\/\/www.sertsc.org.br\/site\/?p=18174"},"modified":"2022-06-15T10:47:35","modified_gmt":"2022-06-15T13:47:35","slug":"radio-de-franca-sp-retoma-atividades-depois-de-sofrer-ataques-criminosos-e-ficar-fora-do-ar","status":"publish","type":"post","link":"https:\/\/sertsc.org.br\/site\/radio-de-franca-sp-retoma-atividades-depois-de-sofrer-ataques-criminosos-e-ficar-fora-do-ar\/","title":{"rendered":"R\u00e1dio de Franca (SP) retoma atividades depois de sofrer ataques criminosos e ficar fora do ar"},"content":{"rendered":"<p>A R\u00e1dio Difusora AM 1030 sofreu ataques criminosos no sistema irradiante da esta\u00e7\u00e3o. As a\u00e7\u00f5es aconteceram duas vezes, dia 01 e dia 03 de junho. A emissora teve as suas transmiss\u00f5es restabelecidas na \u00faltima segunda-feira (13).<\/p>\n<p>Localizada em Franca, no interior paulista, a R\u00e1dio Difusora permaneceu inoperante no dial por alguns dias. Tal fato se deve a a\u00e7\u00f5es criminosas, estas ocorridas nos dias 1\u00ba e 3 deste m\u00eas. Durante os atos, indiv\u00edduos furtaram mais de 300 metros de fios e a caixa de transmiss\u00e3o. Os equipamentos ficam localizados na Vila Santa Terezinha, regi\u00e3o que abriga o parque de transmiss\u00e3o da emissora.<\/p>\n<p>&#8220;Foram dias de muito trabalho. Engenheiros e t\u00e9cnicos se desdobrando para colocar a r\u00e1dio no ar novamente. Nossos ouvintes ficaram t\u00e3o preocupados quanto n\u00f3s. E isso mostra a import\u00e2ncia da Difusora na vida dos ouvintes&#8221;, ressaltou a diretora art\u00edstica Cintia Fl\u00e1via.<\/p>\n<p>Ap\u00f3s as a\u00e7\u00f5es criminosas, a emissora refor\u00e7ou algumas medidas de seguran\u00e7a, isso, para tentar evitar novos ataques.<\/p>\n<p>Segundo informa\u00e7\u00e3o veiculada pelo portal GCN, no per\u00edodo que a R\u00e1dio Difusora de Franca permaneceu fora do ar em AM 1030, a audi\u00eancia p\u00f4de acompanhar normalmente a programa\u00e7\u00e3o por meio do aplicativo da r\u00e1dio.<\/p>\n<p>Constantemente as emissoras de r\u00e1dio v\u00eam sofrendo com a\u00e7\u00f5es como essas. Na \u00faltima segunda-feira (13) o tudoradio.com veiculou a informa\u00e7\u00e3o relacionada a R\u00e1dio Difusora HD FM 94.5 de Pouso Alegre. Na ocasi\u00e3o, a emissora mineira teve as suas transmiss\u00f5es interrompidas no \u00faltimo final de semana em virtude de um furto na rede el\u00e9trica que fornece energia el\u00e9trica ao sistema irradiante da emissora.<\/p>\n<p><img fetchpriority=\"high\" decoding=\"async\" class=\"wp-image-18175 aligncenter\" src=\"https:\/\/www.sertsc.org.br\/site\/wp-content\/uploads\/2022\/06\/Aniversario-Email-22-1-1-300x200.png\" alt=\"\" width=\"509\" height=\"339\" \/><\/p>\n<p>Fonte: Tudo R\u00e1dio<\/p>\n","protected":false},"excerpt":{"rendered":"<p>A R\u00e1dio Difusora AM 1030 sofreu ataques criminosos no sistema&hellip;<\/p>\n<p> <a class=\"more-link\" href=\"https:\/\/sertsc.org.br\/site\/radio-de-franca-sp-retoma-atividades-depois-de-sofrer-ataques-criminosos-e-ficar-fora-do-ar\/\">Leia mais<\/a><\/p>\n","protected":false},"author":1,"featured_media":18176,"comment_status":"open","ping_status":"open","sticky":false,"template":"","format":"standard","meta":{"footnotes":""},"categories":[33,3],"tags":[],"class_list":{"0":"post-18174","1":"post","2":"type-post","3":"status-publish","4":"format-standard","5":"has-post-thumbnail","7":"category-destaques","8":"category-noticias"},"_links":{"self":[{"href":"https:\/\/sertsc.org.br\/site\/wp-json\/wp\/v2\/posts\/18174","targetHints":{"allow":["GET"]}}],"collection":[{"href":"https:\/\/sertsc.org.br\/site\/wp-json\/wp\/v2\/posts"}],"about":[{"href":"https:\/\/sertsc.org.br\/site\/wp-json\/wp\/v2\/types\/post"}],"author":[{"embeddable":true,"href":"https:\/\/sertsc.org.br\/site\/wp-json\/wp\/v2\/users\/1"}],"replies":[{"embeddable":true,"href":"https:\/\/sertsc.org.br\/site\/wp-json\/wp\/v2\/comments?post=18174"}],"version-history":[{"count":0,"href":"https:\/\/sertsc.org.br\/site\/wp-json\/wp\/v2\/posts\/18174\/revisions"}],"wp:featuredmedia":[{"embeddable":true,"href":"https:\/\/sertsc.org.br\/site\/wp-json\/"}],"wp:attachment":[{"href":"https:\/\/sertsc.org.br\/site\/wp-json\/wp\/v2\/media?parent=18174"}],"wp:term":[{"taxonomy":"category","embeddable":true,"href":"https:\/\/sertsc.org.br\/site\/wp-json\/wp\/v2\/categories?post=18174"},{"taxonomy":"post_tag","embeddable":true,"href":"https:\/\/sertsc.org.br\/site\/wp-json\/wp\/v2\/tags?post=18174"}],"curies":[{"name":"wp","href":"https:\/\/api.w.org\/{rel}","templated":true}]}}