{"id":18171,"date":"2022-06-15T10:17:45","date_gmt":"2022-06-15T13:17:45","guid":{"rendered":"https:\/\/www.sertsc.org.br\/site\/?p=18171"},"modified":"2022-06-15T10:17:45","modified_gmt":"2022-06-15T13:17:45","slug":"ministerio-das-comunicacoes-conclui-processos-sobre-servicos-de-radiodifusao-executados-na-faixa-de-fronteira","status":"publish","type":"post","link":"https:\/\/sertsc.org.br\/site\/ministerio-das-comunicacoes-conclui-processos-sobre-servicos-de-radiodifusao-executados-na-faixa-de-fronteira\/","title":{"rendered":"Minist\u00e9rio das Comunica\u00e7\u00f5es conclui processos sobre servi\u00e7os de radiodifus\u00e3o executados na Faixa de Fronteira"},"content":{"rendered":"<p>O Minist\u00e9rio das Comunica\u00e7\u00f5es (MCom) publicou nesta segunda-feira (13) dois despachos sobre a presta\u00e7\u00e3o dos servi\u00e7os de radiodifus\u00e3o \u2013 sonora ou de sons e imagens \u2013 na Faixa de Fronteira. Segundo a pasta, a medida se deu com o intuito de desburocratizar, dando celeridade e acarretando economia processual. Com isso, desde as altera\u00e7\u00f5es feitas no decreto que regulamenta a legisla\u00e7\u00e3o relativa \u00e0 Faixa de Fronteira (Decreto 85.064\/80), parte consider\u00e1vel dos processos que demandavam o assentimento pr\u00e9vio perdeu a sua raz\u00e3o, o que resultou em arquivamento.<\/p>\n<p>Segundo o conte\u00fado do Decreto 11.076\/22, a concess\u00e3o do assentimento pr\u00e9vio se faz necess\u00e1ria em apenas duas situa\u00e7\u00f5es: para a outorga de direito \u00e0 explora\u00e7\u00e3o dos servi\u00e7os de radiodifus\u00e3o (sonora ou de sons e imagens) em munic\u00edpios localizados \u2014 total ou parcialmente \u2014 na Faixa de Fronteira ou para a opera\u00e7\u00e3o de transfer\u00eancia direta, quando a parte interessada em obter a outorga possuir participa\u00e7\u00e3o estrangeira em seu capital social.<\/p>\n<p>&#8220;Anteriormente, as entidades solicitavam o assentimento pr\u00e9vio, que \u00e9 uma esp\u00e9cie de anu\u00eancia do Poder P\u00fablico, para ent\u00e3o realizarem seus registros perante as respectivas juntas comerciais ou cart\u00f3rios. Os despachos do MCom refor\u00e7am que atividades de car\u00e1ter meramente empresarial, a exemplo de mudan\u00e7a do nome comercial ou endere\u00e7o da sede, elei\u00e7\u00e3o de novo administrador, ingresso de s\u00f3cio\/cotista ou reforma de estatutos ou contratos sociais, n\u00e3o necessitam mais desta autoriza\u00e7\u00e3o&#8221;, explicou o Secret\u00e1rio de Radiodifus\u00e3o substituto, William Zambelli.<\/p>\n<p>Ainda de acordo com a mudan\u00e7a, as altera\u00e7\u00f5es contratuais (ou estatut\u00e1rias) levadas a efeito perante os \u00f3rg\u00e3os de registro dever\u00e3o ser encaminhadas ao MCom, acompanhadas de documentos que comprovam atendimento \u00e0 legisla\u00e7\u00e3o em vigor, no prazo de 60 dias a contar da realiza\u00e7\u00e3o do ato. Em um dos despachos publicados na segunda-feira (13) (Despacho 178\/2022), foram relacionadas 295 entidades que atuam em 177 munic\u00edpios localizados na Faixa de Fronteira, as quais precisam atentar ao cumprimento da exig\u00eancia legal.<\/p>\n<p><img fetchpriority=\"high\" decoding=\"async\" class=\"wp-image-18172 aligncenter\" src=\"https:\/\/www.sertsc.org.br\/site\/wp-content\/uploads\/2022\/06\/Aniversario-Email-22-1-300x200.png\" alt=\"\" width=\"513\" height=\"342\" \/><\/p>\n<p>Fonte: Tuda R\u00e1dio.<\/p>\n","protected":false},"excerpt":{"rendered":"<p>O Minist\u00e9rio das Comunica\u00e7\u00f5es (MCom) publicou nesta segunda-feira (13) dois&hellip;<\/p>\n<p> <a class=\"more-link\" href=\"https:\/\/sertsc.org.br\/site\/ministerio-das-comunicacoes-conclui-processos-sobre-servicos-de-radiodifusao-executados-na-faixa-de-fronteira\/\">Leia mais<\/a><\/p>\n","protected":false},"author":1,"featured_media":18172,"comment_status":"open","ping_status":"open","sticky":false,"template":"","format":"standard","meta":{"footnotes":""},"categories":[33,3],"tags":[],"class_list":{"0":"post-18171","1":"post","2":"type-post","3":"status-publish","4":"format-standard","5":"has-post-thumbnail","7":"category-destaques","8":"category-noticias"},"_links":{"self":[{"href":"https:\/\/sertsc.org.br\/site\/wp-json\/wp\/v2\/posts\/18171","targetHints":{"allow":["GET"]}}],"collection":[{"href":"https:\/\/sertsc.org.br\/site\/wp-json\/wp\/v2\/posts"}],"about":[{"href":"https:\/\/sertsc.org.br\/site\/wp-json\/wp\/v2\/types\/post"}],"author":[{"embeddable":true,"href":"https:\/\/sertsc.org.br\/site\/wp-json\/wp\/v2\/users\/1"}],"replies":[{"embeddable":true,"href":"https:\/\/sertsc.org.br\/site\/wp-json\/wp\/v2\/comments?post=18171"}],"version-history":[{"count":0,"href":"https:\/\/sertsc.org.br\/site\/wp-json\/wp\/v2\/posts\/18171\/revisions"}],"wp:featuredmedia":[{"embeddable":true,"href":"https:\/\/sertsc.org.br\/site\/wp-json\/"}],"wp:attachment":[{"href":"https:\/\/sertsc.org.br\/site\/wp-json\/wp\/v2\/media?parent=18171"}],"wp:term":[{"taxonomy":"category","embeddable":true,"href":"https:\/\/sertsc.org.br\/site\/wp-json\/wp\/v2\/categories?post=18171"},{"taxonomy":"post_tag","embeddable":true,"href":"https:\/\/sertsc.org.br\/site\/wp-json\/wp\/v2\/tags?post=18171"}],"curies":[{"name":"wp","href":"https:\/\/api.w.org\/{rel}","templated":true}]}}