{"id":18167,"date":"2022-06-14T09:08:52","date_gmt":"2022-06-14T12:08:52","guid":{"rendered":"https:\/\/www.sertsc.org.br\/site\/?p=18167"},"modified":"2022-06-14T09:08:52","modified_gmt":"2022-06-14T12:08:52","slug":"programa-acelerando-a-transformacao-digital-anuncia-lista-de-radios-e-tv-selecionadas-para-a-segunda-fase","status":"publish","type":"post","link":"https:\/\/sertsc.org.br\/site\/programa-acelerando-a-transformacao-digital-anuncia-lista-de-radios-e-tv-selecionadas-para-a-segunda-fase\/","title":{"rendered":"Programa \u201cAcelerando a Transforma\u00e7\u00e3o Digital\u201d anuncia lista de r\u00e1dios e tv selecionadas para a segunda fase"},"content":{"rendered":"<p>Divulgada a lista na semana passada das 25 emissoras de r\u00e1dio e tv selecionadas para o programa da parceria entre o Meta Journalism Project e a ABERT. A a\u00e7\u00e3o faz parte da estrat\u00e9gia do grupo Meta \u2013 propriet\u00e1ria do Facebook e Instagram \u2013 no valor de mais de US$ 2,6 milh\u00f5es para dar suporte ao jornalismo em todo o mundo.<\/p>\n<p>Segundo as informa\u00e7\u00f5es da ABERT, a nova etapa inclui fundos de inova\u00e7\u00e3o de at\u00e9 US$ 15 mil e sess\u00f5es que oferecer\u00e3o mentoria para o desenvolvimento dos projetos inscritos, incluindo a otimiza\u00e7\u00e3o dos produtos jornal\u00edsticos e de melhorias nos processos das reda\u00e7\u00f5es. O Meta Journalism Project atua ao lado do International Center For Journalists (ICFJ) e diversas organiza\u00e7\u00f5es de imprensa para apoiar as reda\u00e7\u00f5es e empresas de jornalismo a estruturarem uma transforma\u00e7\u00e3o digital, construindo modelos de neg\u00f3cio sustent\u00e1veis e otimizando processos, produtos e servi\u00e7os.<\/p>\n<p>Para os participantes do programa, os resultados positivos v\u00e3o desde a conquista e manuten\u00e7\u00e3o de novos p\u00fablicos at\u00e9 a organiza\u00e7\u00e3o do trabalho nas reda\u00e7\u00f5es. Monetiza\u00e7\u00e3o, o uso das ferramentas das redes sociais para o jornalismo e gest\u00e3o de indicadores foram alguns dos temas abordados durante as sess\u00f5es do programa, que tiveram in\u00edcio em fevereiro de 2022.<\/p>\n<p>As emissoras selecionadas s\u00e3o:<\/p>\n<p>Associa\u00e7\u00e3o das Emissoras de Radiodifus\u00e3o do Paran\u00e1, Curitiba &#8211; PR<br \/>\nBandNews FM, S\u00e3o Paulo &#8211; SP<br \/>\nCBN Vale do Igua\u00e7u Uni\u00e3o da Vit\u00f3ria &#8211; PR<br \/>\nGrupo Arauto de Comunica\u00e7\u00e3o (Portal MPA) Palmeira dos \u00cdndios &#8211; AL<br \/>\nGrupo Arauto de Comunica\u00e7\u00e3o (R\u00e1dio Arauto), Vera Cruz &#8211; RS<br \/>\nO Estafeta, Veran\u00f3polis &#8211; RS<br \/>\nPortal Leouve Bento Gon\u00e7alves RS<br \/>\nRadcom Cidade FM 87,9, Santana do Ipanema &#8211; AL<br \/>\nR\u00e1dio 100e7 FM, Tapejara &#8211; RS<br \/>\nR\u00e1dio Bandeirantes, Goi\u00e2nia &#8211; GO<br \/>\nR\u00e1dio Clube de Canoinhas, Canoinhas &#8211; SC<br \/>\nR\u00e1dio Clube de Guaxup\u00e9, Guaxup\u00e9 &#8211; MG<br \/>\nR\u00e1dio Clube de Ita\u00fana, Ita\u00fana &#8211; MG<br \/>\nR\u00e1dio e TV Correio, Campina Grande &#8211; PB<br \/>\nR\u00e1dio Folha de Pernambuco, Recife &#8211; PE<br \/>\nR\u00e1dio Montanhesa, Vi\u00e7osa &#8211; MG<br \/>\nR\u00e1dio Nova Guaran\u00e9sia 104FM, Guaran\u00e9sia &#8211; MG<br \/>\nR\u00e1dio Onda Po\u00e7os, Po\u00e7os de Caldas &#8211; MG<br \/>\nR\u00e1dio Onda Sul, Carmo do Rio Claro &#8211; MG<br \/>\nR\u00e1dio Panamericana, S\u00e3o Paulo &#8211; SP<br \/>\nR\u00e1dio Planalto, Major Vieira &#8211; SC<br \/>\nR\u00e1dio Terra FM, Ven\u00e2ncio Aires &#8211; RS<br \/>\nSistema MPA de Comunica\u00e7\u00e3o, Divin\u00f3polis &#8211; MG<br \/>\nTV Band, S\u00e3o Paulo &#8211; SP<br \/>\nTV e R\u00e1dio Jornal LTDA, Recife \u2013 PE<\/p>\n<p><img fetchpriority=\"high\" decoding=\"async\" class=\"wp-image-18168 aligncenter\" src=\"https:\/\/www.sertsc.org.br\/site\/wp-content\/uploads\/2022\/06\/Aniversario-Email-22-2-300x200.png\" alt=\"\" width=\"494\" height=\"329\" \/><\/p>\n<p>Fonte: Tudo R\u00e1dio.<\/p>\n","protected":false},"excerpt":{"rendered":"<p>Divulgada a lista na semana passada das 25 emissoras de&hellip;<\/p>\n<p> <a class=\"more-link\" href=\"https:\/\/sertsc.org.br\/site\/programa-acelerando-a-transformacao-digital-anuncia-lista-de-radios-e-tv-selecionadas-para-a-segunda-fase\/\">Leia mais<\/a><\/p>\n","protected":false},"author":1,"featured_media":18168,"comment_status":"open","ping_status":"open","sticky":false,"template":"","format":"standard","meta":{"footnotes":""},"categories":[33,3],"tags":[],"class_list":{"0":"post-18167","1":"post","2":"type-post","3":"status-publish","4":"format-standard","5":"has-post-thumbnail","7":"category-destaques","8":"category-noticias"},"_links":{"self":[{"href":"https:\/\/sertsc.org.br\/site\/wp-json\/wp\/v2\/posts\/18167","targetHints":{"allow":["GET"]}}],"collection":[{"href":"https:\/\/sertsc.org.br\/site\/wp-json\/wp\/v2\/posts"}],"about":[{"href":"https:\/\/sertsc.org.br\/site\/wp-json\/wp\/v2\/types\/post"}],"author":[{"embeddable":true,"href":"https:\/\/sertsc.org.br\/site\/wp-json\/wp\/v2\/users\/1"}],"replies":[{"embeddable":true,"href":"https:\/\/sertsc.org.br\/site\/wp-json\/wp\/v2\/comments?post=18167"}],"version-history":[{"count":0,"href":"https:\/\/sertsc.org.br\/site\/wp-json\/wp\/v2\/posts\/18167\/revisions"}],"wp:featuredmedia":[{"embeddable":true,"href":"https:\/\/sertsc.org.br\/site\/wp-json\/"}],"wp:attachment":[{"href":"https:\/\/sertsc.org.br\/site\/wp-json\/wp\/v2\/media?parent=18167"}],"wp:term":[{"taxonomy":"category","embeddable":true,"href":"https:\/\/sertsc.org.br\/site\/wp-json\/wp\/v2\/categories?post=18167"},{"taxonomy":"post_tag","embeddable":true,"href":"https:\/\/sertsc.org.br\/site\/wp-json\/wp\/v2\/tags?post=18167"}],"curies":[{"name":"wp","href":"https:\/\/api.w.org\/{rel}","templated":true}]}}