{"id":18160,"date":"2022-06-10T09:00:10","date_gmt":"2022-06-10T12:00:10","guid":{"rendered":"https:\/\/www.sertsc.org.br\/site\/?p=18160"},"modified":"2022-06-10T09:00:10","modified_gmt":"2022-06-10T12:00:10","slug":"sert-sc-realiza-encontros-regionais-voltados-aos-profissionais-do-radio","status":"publish","type":"post","link":"https:\/\/sertsc.org.br\/site\/sert-sc-realiza-encontros-regionais-voltados-aos-profissionais-do-radio\/","title":{"rendered":"SERT\/SC realiza Encontros Regionais voltados aos profissionais do r\u00e1dio"},"content":{"rendered":"<p>O SERT\/SC (Sindicato das Empresas de R\u00e1dio e Televis\u00e3o do Estado de Santa Catarina) acaba de anunciar a realiza\u00e7\u00e3o dos j\u00e1 conhecidos Encontros Regionais. O evento, voltado a gestores e funcion\u00e1rios das emissoras de r\u00e1dio, busca proporcionar uma troca de experi\u00eancias sobre diversos assuntos relacionados ao setor. Os encontros se iniciam no pr\u00f3ximo dia 21 e ser\u00e3o realizados em Joinville, Balne\u00e1rio Cambori\u00fa, Chapec\u00f3 e Tubar\u00e3o. As inscri\u00e7\u00f5es j\u00e1 est\u00e3o abertas.<\/p>\n<p><img fetchpriority=\"high\" decoding=\"async\" class=\"wp-image-18165 aligncenter\" src=\"https:\/\/www.sertsc.org.br\/site\/wp-content\/uploads\/2022\/06\/Aniversario-Email-22-3-1-300x200.png\" alt=\"\" width=\"494\" height=\"329\" \/><\/p>\n<p>&nbsp;<\/p>\n<p>Fonte: Tudo R\u00e1dio.<\/p>\n","protected":false},"excerpt":{"rendered":"<p>O SERT\/SC (Sindicato das Empresas de R\u00e1dio e Televis\u00e3o do&hellip;<\/p>\n<p> <a class=\"more-link\" href=\"https:\/\/sertsc.org.br\/site\/sert-sc-realiza-encontros-regionais-voltados-aos-profissionais-do-radio\/\">Leia mais<\/a><\/p>\n","protected":false},"author":1,"featured_media":18163,"comment_status":"open","ping_status":"open","sticky":false,"template":"","format":"standard","meta":{"footnotes":""},"categories":[33,3],"tags":[],"class_list":{"0":"post-18160","1":"post","2":"type-post","3":"status-publish","4":"format-standard","5":"has-post-thumbnail","7":"category-destaques","8":"category-noticias"},"_links":{"self":[{"href":"https:\/\/sertsc.org.br\/site\/wp-json\/wp\/v2\/posts\/18160","targetHints":{"allow":["GET"]}}],"collection":[{"href":"https:\/\/sertsc.org.br\/site\/wp-json\/wp\/v2\/posts"}],"about":[{"href":"https:\/\/sertsc.org.br\/site\/wp-json\/wp\/v2\/types\/post"}],"author":[{"embeddable":true,"href":"https:\/\/sertsc.org.br\/site\/wp-json\/wp\/v2\/users\/1"}],"replies":[{"embeddable":true,"href":"https:\/\/sertsc.org.br\/site\/wp-json\/wp\/v2\/comments?post=18160"}],"version-history":[{"count":0,"href":"https:\/\/sertsc.org.br\/site\/wp-json\/wp\/v2\/posts\/18160\/revisions"}],"wp:featuredmedia":[{"embeddable":true,"href":"https:\/\/sertsc.org.br\/site\/wp-json\/"}],"wp:attachment":[{"href":"https:\/\/sertsc.org.br\/site\/wp-json\/wp\/v2\/media?parent=18160"}],"wp:term":[{"taxonomy":"category","embeddable":true,"href":"https:\/\/sertsc.org.br\/site\/wp-json\/wp\/v2\/categories?post=18160"},{"taxonomy":"post_tag","embeddable":true,"href":"https:\/\/sertsc.org.br\/site\/wp-json\/wp\/v2\/tags?post=18160"}],"curies":[{"name":"wp","href":"https:\/\/api.w.org\/{rel}","templated":true}]}}