{"id":18152,"date":"2022-06-09T11:12:24","date_gmt":"2022-06-09T14:12:24","guid":{"rendered":"https:\/\/www.sertsc.org.br\/site\/?p=18152"},"modified":"2022-06-09T11:12:24","modified_gmt":"2022-06-09T14:12:24","slug":"programacao-encontros-regionais-sert-sc","status":"publish","type":"post","link":"https:\/\/sertsc.org.br\/site\/programacao-encontros-regionais-sert-sc\/","title":{"rendered":"Programa\u00e7\u00e3o Encontros Regionais SERT\/SC"},"content":{"rendered":"<p>O SERT\/SC convida todas as filiadas a participar dos nossos Encontros Regionais.<br \/>\nAcompanhe a Programa\u00e7\u00e3o de cada evento:<\/p>\n<p><strong>21 de Junho \u2013 Joinville<\/strong><br \/>\nLocal: Hotel Bourbon<br \/>\n14h00 &#8211; Cadastramento<br \/>\n15h00 &#8211; Abertura do Evento<br \/>\n15h30 &#8211; Workshop: Venda Certa (com Kelly Costa)<br \/>\n16h30 &#8211; Coffee break<br \/>\n17h00 &#8211; Worshop: LGPD para Radiodifus\u00e3o (com Dr Marcos Ant\u00f4nio Silveira)<br \/>\n18h00 &#8211; Worshop: Ambiente criativo para transformar a sua r\u00e1dio (com Robson Ferri)<br \/>\n19h00 &#8211; Avisos Finais e Encerramento<br \/>\n19h30 \u2013 Coquetel<\/p>\n<p><strong>28 de Junho \u2013 Balne\u00e1rio Cambori\u00fa<\/strong><br \/>\nLocal: Hotel Marambaia<br \/>\n14h00 &#8211; Cadastramento<br \/>\n15h00 &#8211; Abertura do Evento<br \/>\n15h30 &#8211; Workshop: Venda Certa (com Kelly Costa)<br \/>\n16h30 &#8211; Coffee break<br \/>\n17h00 &#8211; Workshop: LGPD para Radiodifus\u00e3o (com Dr Marcos Ant\u00f4nio Silveira)<br \/>\n18h00 &#8211; Workshop: Inova\u00e7\u00e3o em R\u00e1dio (com Maria Carolina Sasse)<br \/>\n19h00 &#8211; Avisos Finais e Encerramento<br \/>\n19h30 \u2013 Coquetel<\/p>\n<p><strong>29 de Junho \u2013 Chapec\u00f3<\/strong><br \/>\nLocal: Hotel Lang<br \/>\n14h00 &#8211; Cadastramento<br \/>\n15h00 &#8211; Abertura do Evento<br \/>\n15h30 &#8211; Workshop: Venda Certa (com Kelly Costa)<br \/>\n16h30 &#8211; Coffee break<br \/>\n17h00 &#8211; Workshop: LGPD para Radiodifus\u00e3o (com Dr Marcos Ant\u00f4nio Silveira)<br \/>\n18h00 &#8211; Workshop: Inova\u00e7\u00e3o em R\u00e1dio (com Maria Carolina Sasse)<br \/>\n19h00 &#8211; Avisos Finais e Encerramento<br \/>\n19h30 \u2013 Coquetel<\/p>\n<p><strong>07 de Julho \u2013 Tubar\u00e3o<\/strong><br \/>\nLocal: Hotel Sandrini<br \/>\n14h00 &#8211; Cadastramento<br \/>\n15h00 &#8211; Abertura do Evento<br \/>\n15h30 &#8211; Workshop: Venda Certa (com Kelly Costa)<br \/>\n16h30 &#8211; Coffee break<br \/>\n17h00 &#8211; Workshop: LGPD para Radiodifus\u00e3o (com Dr Marcos Ant\u00f4nio Silveira)<br \/>\n18h00 &#8211; Workshop: Ambiente criativo para transformar a sua r\u00e1dio (com Robson Ferri)<br \/>\n19h00 &#8211; Avisos Finais e Encerramento<br \/>\n19h30 \u2013 Coquetel<\/p>\n<p>Os Encontros Regionais deste ano ser\u00e3o uma oportunidade \u00fanica para capacitar os gestores e funcion\u00e1rios da emissora e proporcionar uma troca de experi\u00eancias rica em conte\u00fado. Inscreva j\u00e1 sua r\u00e1dio\/tv pelo email: sert@sertsc.org.br e informe quantos participantes levar\u00e1. Os presentes receber\u00e3o certificado de participa\u00e7\u00e3o digital dos workshops disponibilizados. As vagas s\u00e3o limitadas ent\u00e3o n\u00e3o d\u00e1 para perder, garanta a capacita\u00e7\u00e3o da sua equipe.<\/p>\n","protected":false},"excerpt":{"rendered":"<p>O SERT\/SC convida todas as filiadas a participar dos nossos&hellip;<\/p>\n<p> <a class=\"more-link\" href=\"https:\/\/sertsc.org.br\/site\/programacao-encontros-regionais-sert-sc\/\">Leia mais<\/a><\/p>\n","protected":false},"author":1,"featured_media":18153,"comment_status":"open","ping_status":"open","sticky":false,"template":"","format":"standard","meta":{"footnotes":""},"categories":[33,3],"tags":[],"class_list":{"0":"post-18152","1":"post","2":"type-post","3":"status-publish","4":"format-standard","5":"has-post-thumbnail","7":"category-destaques","8":"category-noticias"},"_links":{"self":[{"href":"https:\/\/sertsc.org.br\/site\/wp-json\/wp\/v2\/posts\/18152","targetHints":{"allow":["GET"]}}],"collection":[{"href":"https:\/\/sertsc.org.br\/site\/wp-json\/wp\/v2\/posts"}],"about":[{"href":"https:\/\/sertsc.org.br\/site\/wp-json\/wp\/v2\/types\/post"}],"author":[{"embeddable":true,"href":"https:\/\/sertsc.org.br\/site\/wp-json\/wp\/v2\/users\/1"}],"replies":[{"embeddable":true,"href":"https:\/\/sertsc.org.br\/site\/wp-json\/wp\/v2\/comments?post=18152"}],"version-history":[{"count":0,"href":"https:\/\/sertsc.org.br\/site\/wp-json\/wp\/v2\/posts\/18152\/revisions"}],"wp:featuredmedia":[{"embeddable":true,"href":"https:\/\/sertsc.org.br\/site\/wp-json\/"}],"wp:attachment":[{"href":"https:\/\/sertsc.org.br\/site\/wp-json\/wp\/v2\/media?parent=18152"}],"wp:term":[{"taxonomy":"category","embeddable":true,"href":"https:\/\/sertsc.org.br\/site\/wp-json\/wp\/v2\/categories?post=18152"},{"taxonomy":"post_tag","embeddable":true,"href":"https:\/\/sertsc.org.br\/site\/wp-json\/wp\/v2\/tags?post=18152"}],"curies":[{"name":"wp","href":"https:\/\/api.w.org\/{rel}","templated":true}]}}