{"id":17941,"date":"2022-04-14T11:16:35","date_gmt":"2022-04-14T14:16:35","guid":{"rendered":"https:\/\/www.sertsc.org.br\/site\/?p=17941"},"modified":"2022-04-14T11:16:35","modified_gmt":"2022-04-14T14:16:35","slug":"portaria-detalhando-parcelamento-do-preco-publico-de-outorga-de-radiodifusao-e-publicada-pelo-ministerio-das-comunicacoes","status":"publish","type":"post","link":"https:\/\/sertsc.org.br\/site\/portaria-detalhando-parcelamento-do-preco-publico-de-outorga-de-radiodifusao-e-publicada-pelo-ministerio-das-comunicacoes\/","title":{"rendered":"Portaria detalhando parcelamento do pre\u00e7o p\u00fablico de outorga de radiodifus\u00e3o \u00e9 publicada pelo Minist\u00e9rio das Comunica\u00e7\u00f5es"},"content":{"rendered":"<p>A portaria publicada nesta quinta-feira, 14 de abril, pelo Minist\u00e9rio das Comunica\u00e7\u00f5es (MCom) regulamenta o parcelamento do pre\u00e7o p\u00fablico de outorga e estabelece os crit\u00e9rios e prazos para encaminhamento dos pedidos pelos radiodifusores.<\/p>\n<p>Na \u00faltima ter\u00e7a-feira (12), a Pasta havia publicado outra portaria que dispunha o Decreto n\u00ba 10.804 sobre os crit\u00e9rios adotados para a concess\u00e3o de parcelamento do pre\u00e7o p\u00fablico da outorga para executar o servi\u00e7o de radiodifus\u00e3o. O decreto tamb\u00e9m atende a pedidos da ABERT para desburocratizar novas outorgas de r\u00e1dio e televis\u00e3o.<\/p>\n<p>De acordo com a portaria, o parcelamento poder\u00e1 ser utilizado para pagamento de pre\u00e7o p\u00fablico decorrente de processo licitat\u00f3rio, de altera\u00e7\u00e3o de caracter\u00edsticas t\u00e9cnicas (como aumento de pot\u00eancia) e de migra\u00e7\u00e3o AM\/FM, cujo valor ser\u00e1 acrescido de corre\u00e7\u00e3o monet\u00e1ria, mais a aplica\u00e7\u00e3o de eventuais juros e multa de mora. A portaria estabelece, ainda, que o prazo para o pagamento parcelado ser\u00e1 de at\u00e9 10 anos para o r\u00e1dio e de at\u00e9 15 anos para a TV, de forma mensal, com parcelas m\u00ednimas de R$ 100.<\/p>\n<p>Outro detalhe que foi especificado na portaria \u00e9 que o MCom deve notificar as emissoras para que, no prazo de 30 dias, manifestem interesse no pagamento do valor devido em cota \u00fanica ou parcelado. J\u00e1 as emissoras que est\u00e3o inadimplentes com os valores devidos a t\u00edtulo de pre\u00e7o p\u00fablico, ter\u00e3o 90 dias para solicitar o parcelamento, pelo tempo restante da concess\u00e3o ou permiss\u00e3o, a partir da publica\u00e7\u00e3o da portaria.<\/p>\n<p>Indeferimento do requerimento<\/p>\n<p>A portaria estabelece tamb\u00e9m que o requerimento de parcelamento ser\u00e1 indeferido caso a entidade n\u00e3o apresente todos os documentos exigidos na portaria. Al\u00e9m disso, o MCom poder\u00e1 indeferir o pedido caso a r\u00e1dio deixe de cumprir correta e integralmente as exig\u00eancias e os prazos estabelecidos pelo MCom, ou n\u00e3o apresente o seguro garantia, que ser\u00e1 exigido para pagamento parcelado de valor acima de R$ 1 milh\u00e3o.<\/p>\n<p>O presidente da ABERT, Fl\u00e1vio Lara Resende, destacou que in\u00fameros pedidos j\u00e1 foram protocolados por radiodifusores desde a publica\u00e7\u00e3o da lei. \u201cO setor aguardava com grande expectativa a publica\u00e7\u00e3o desta portaria, pois in\u00fameros pedidos de radiodifusores j\u00e1 foram protocolados desde a publica\u00e7\u00e3o da lei e do decreto. \u00c9 necess\u00e1rio que os pedidos sejam encaminhados em conformidade com os crit\u00e9rios, prazos e documentos definidos na portaria, para que o parcelamento seja autorizado pelo MCom\u201d, ressaltou o presidente.<\/p>\n<p><img fetchpriority=\"high\" decoding=\"async\" class=\"wp-image-17942 aligncenter\" src=\"https:\/\/www.sertsc.org.br\/site\/wp-content\/uploads\/2022\/04\/Aniversario-Email-22-1-300x200.png\" alt=\"\" width=\"467\" height=\"311\" \/><\/p>\n<p>Fonte: Tudo R\u00e1dio.<\/p>\n","protected":false},"excerpt":{"rendered":"<p>A portaria publicada nesta quinta-feira, 14 de abril, pelo Minist\u00e9rio&hellip;<\/p>\n<p> <a class=\"more-link\" href=\"https:\/\/sertsc.org.br\/site\/portaria-detalhando-parcelamento-do-preco-publico-de-outorga-de-radiodifusao-e-publicada-pelo-ministerio-das-comunicacoes\/\">Leia mais<\/a><\/p>\n","protected":false},"author":1,"featured_media":17942,"comment_status":"open","ping_status":"open","sticky":false,"template":"","format":"standard","meta":{"footnotes":""},"categories":[33,1,103],"tags":[],"class_list":{"0":"post-17941","1":"post","2":"type-post","3":"status-publish","4":"format-standard","5":"has-post-thumbnail","7":"category-destaques","8":"category-geral","9":"category-legislacao"},"_links":{"self":[{"href":"https:\/\/sertsc.org.br\/site\/wp-json\/wp\/v2\/posts\/17941","targetHints":{"allow":["GET"]}}],"collection":[{"href":"https:\/\/sertsc.org.br\/site\/wp-json\/wp\/v2\/posts"}],"about":[{"href":"https:\/\/sertsc.org.br\/site\/wp-json\/wp\/v2\/types\/post"}],"author":[{"embeddable":true,"href":"https:\/\/sertsc.org.br\/site\/wp-json\/wp\/v2\/users\/1"}],"replies":[{"embeddable":true,"href":"https:\/\/sertsc.org.br\/site\/wp-json\/wp\/v2\/comments?post=17941"}],"version-history":[{"count":0,"href":"https:\/\/sertsc.org.br\/site\/wp-json\/wp\/v2\/posts\/17941\/revisions"}],"wp:featuredmedia":[{"embeddable":true,"href":"https:\/\/sertsc.org.br\/site\/wp-json\/"}],"wp:attachment":[{"href":"https:\/\/sertsc.org.br\/site\/wp-json\/wp\/v2\/media?parent=17941"}],"wp:term":[{"taxonomy":"category","embeddable":true,"href":"https:\/\/sertsc.org.br\/site\/wp-json\/wp\/v2\/categories?post=17941"},{"taxonomy":"post_tag","embeddable":true,"href":"https:\/\/sertsc.org.br\/site\/wp-json\/wp\/v2\/tags?post=17941"}],"curies":[{"name":"wp","href":"https:\/\/api.w.org\/{rel}","templated":true}]}}