{"id":17904,"date":"2022-04-06T09:35:41","date_gmt":"2022-04-06T12:35:41","guid":{"rendered":"https:\/\/www.sertsc.org.br\/site\/?p=17904"},"modified":"2022-04-06T09:35:41","modified_gmt":"2022-04-06T12:35:41","slug":"radio-mantem-patamar-de-935-de-ouvintes-da-populacao-alema","status":"publish","type":"post","link":"https:\/\/sertsc.org.br\/site\/radio-mantem-patamar-de-935-de-ouvintes-da-populacao-alema\/","title":{"rendered":"R\u00e1dio mant\u00e9m patamar de 93,5% de ouvintes da popula\u00e7\u00e3o alem\u00e3"},"content":{"rendered":"<p>O R\u00e1dio na Alemanha mant\u00e9m percentual de ouvintes elevado, 93,5% da popula\u00e7\u00e3o alem\u00e3 ouve r\u00e1dio. Conforme a \u00faltima pesquisa ma 2022 \u00e1udio, que faz a aferi\u00e7\u00e3o de todo o consumo de \u00e1udio no pa\u00eds europeu, o r\u00e1dio \u00e9 ouvido por 93,5% da popula\u00e7\u00e3o alem\u00e3. Esse resultado j\u00e1 foi alcan\u00e7ado em 2021 e a estabilidade mostra deste canal de comunica\u00e7\u00e3o. O estudo tamb\u00e9m mostra que o consumo de r\u00e1dio acontece mediante o uso de diversos formatos, seja pela tradicional transmiss\u00e3o terrestre, como tamb\u00e9m pelo uso de dispositivos online.<\/p>\n<p>Segundo a ma 2022 \u00e1udio, s\u00e3o 52 milh\u00f5es de pessoas que &#8220;integram os programas das esta\u00e7\u00f5es de r\u00e1dio em sua vida cotidiana&#8221;. Trata-se de uma estabilidade em rela\u00e7\u00e3o aos n\u00fameros de 2021. E a pesquisa tamb\u00e9m aponta que o tempo de escuta est\u00e1 caindo ligeiramente em todos os canais de distribui\u00e7\u00e3o de r\u00e1dio, mas isso significa que est\u00e1 retornando para os n\u00edveis pr\u00e9-pandemia. O tempo de escuta de r\u00e1dio tem sido constante por muitos anos. Por exemplo: hoje s\u00e3o 254 minutos de perman\u00eancia e em 2012 esse valor era de 253 minutos.<\/p>\n<p>Outro recorte importante da medi\u00e7\u00e3o est\u00e1 relacionado ao p\u00fablico jovem. A imprensa especializada diz que os dados da pesquisa mostram que o consumo &#8220;contrariou a tend\u00eancia&#8221;, com o alcance entre os jovens de 14 a 29 anos aumentando ligeiramente. O alcance di\u00e1rio neste grupo-alvo jovem aumentou cerca de 1% via r\u00e1dio e \u00e1udio online.<\/p>\n<p>O r\u00e1dio alem\u00e3o \u00e9 consumido de diferentes formas: FM anal\u00f3gico, DAB+ (transmiss\u00e3o terrestre digital) e streaming de \u00e1udio (neste caso por diferentes dispositivos conectados). No caso do DAB+, a imprensa especializada afirma que a transmiss\u00e3o terrestre digital &#8220;est\u00e1 sendo constantemente otimizada&#8221; e est\u00e1 avan\u00e7ando: hoje o r\u00e1dio digital via ondas tem 24,5% do total do consumo, contra 20,4% na pesquisa de 2021.<\/p>\n<p>\u201cEm tempos socialmente incertos, a m\u00eddia \u00e9 colocada \u00e0 prova. A utiliza\u00e7\u00e3o constante das ofertas de r\u00e1dio ao longo dos anos, independentemente da forma como s\u00e3o executadas, \u00e9 um forte sinal de que as ofertas das r\u00e1dios est\u00e3o sempre atualizadas\u201d,explica Grit Leith\u00e4user, diretora executiva da Radiozentrale, em reportagem publicada pelo portal Radioszene.<\/p>\n<p>Leith\u00e4user afirma tamb\u00e9m que &#8220;a mistura de informa\u00e7\u00e3o e entretenimento e a incorpora\u00e7\u00e3o de tudo na tonalidade certa \u00e9 um ativo importante no cen\u00e1rio da m\u00eddia alem\u00e3, especialmente considerando a atual situa\u00e7\u00e3o geral&#8221;.<\/p>\n<p><img fetchpriority=\"high\" decoding=\"async\" class=\"wp-image-17905 aligncenter\" src=\"https:\/\/www.sertsc.org.br\/site\/wp-content\/uploads\/2022\/04\/Aniversario-email-certo-3-300x200.png\" alt=\"\" width=\"647\" height=\"431\" \/><\/p>\n<p>Fonte: Tudo R\u00e1dio https:\/\/tudoradio.com\/noticias\/ver\/27162-estavel-radio-segue-ouvido-por-935-da-populacao-na-alemanha<\/p>\n","protected":false},"excerpt":{"rendered":"<p>O R\u00e1dio na Alemanha mant\u00e9m percentual de ouvintes elevado, 93,5%&hellip;<\/p>\n<p> <a class=\"more-link\" href=\"https:\/\/sertsc.org.br\/site\/radio-mantem-patamar-de-935-de-ouvintes-da-populacao-alema\/\">Leia mais<\/a><\/p>\n","protected":false},"author":1,"featured_media":17905,"comment_status":"open","ping_status":"open","sticky":false,"template":"","format":"standard","meta":{"footnotes":""},"categories":[33,3],"tags":[],"class_list":{"0":"post-17904","1":"post","2":"type-post","3":"status-publish","4":"format-standard","5":"has-post-thumbnail","7":"category-destaques","8":"category-noticias"},"_links":{"self":[{"href":"https:\/\/sertsc.org.br\/site\/wp-json\/wp\/v2\/posts\/17904","targetHints":{"allow":["GET"]}}],"collection":[{"href":"https:\/\/sertsc.org.br\/site\/wp-json\/wp\/v2\/posts"}],"about":[{"href":"https:\/\/sertsc.org.br\/site\/wp-json\/wp\/v2\/types\/post"}],"author":[{"embeddable":true,"href":"https:\/\/sertsc.org.br\/site\/wp-json\/wp\/v2\/users\/1"}],"replies":[{"embeddable":true,"href":"https:\/\/sertsc.org.br\/site\/wp-json\/wp\/v2\/comments?post=17904"}],"version-history":[{"count":0,"href":"https:\/\/sertsc.org.br\/site\/wp-json\/wp\/v2\/posts\/17904\/revisions"}],"wp:featuredmedia":[{"embeddable":true,"href":"https:\/\/sertsc.org.br\/site\/wp-json\/"}],"wp:attachment":[{"href":"https:\/\/sertsc.org.br\/site\/wp-json\/wp\/v2\/media?parent=17904"}],"wp:term":[{"taxonomy":"category","embeddable":true,"href":"https:\/\/sertsc.org.br\/site\/wp-json\/wp\/v2\/categories?post=17904"},{"taxonomy":"post_tag","embeddable":true,"href":"https:\/\/sertsc.org.br\/site\/wp-json\/wp\/v2\/tags?post=17904"}],"curies":[{"name":"wp","href":"https:\/\/api.w.org\/{rel}","templated":true}]}}