{"id":17899,"date":"2022-04-05T11:22:02","date_gmt":"2022-04-05T14:22:02","guid":{"rendered":"https:\/\/www.sertsc.org.br\/site\/?p=17899"},"modified":"2022-04-05T11:22:02","modified_gmt":"2022-04-05T14:22:02","slug":"registrada-convencao-coletiva-de-trabalho-2022-norte-nordeste-de-sc","status":"publish","type":"post","link":"https:\/\/sertsc.org.br\/site\/registrada-convencao-coletiva-de-trabalho-2022-norte-nordeste-de-sc\/","title":{"rendered":"Registrada Conven\u00e7\u00e3o Coletiva de Trabalho 2022 &#8211; Norte\/ Nordeste de SC"},"content":{"rendered":"<p>O SERT\/SC comunica que a Conven\u00e7\u00e3o Coletiva de Trabalho 2022 (CCT 2022), fechada ap\u00f3s negocia\u00e7\u00e3o com o Sindicato dos Radialistas Profissionais e Empregados em Empresas da Radiodifus\u00e3o e Televis\u00e3o da Regi\u00e3o Norte\/Nordeste do Estado de Santa Catarina \u2013 SINDIR\u00c1DIO-TV\/NORTE, foi registrada junto \u00e0 Se\u00e7\u00e3o de Rela\u00e7\u00f5es de Trabalho da Superintend\u00eancia Regional do Trabalho e Emprego\/SC.<\/p>\n<p>A CCT 2022 segue anexa.<\/p>\n<p><a href=\"http:\/\/www3.mte.gov.br\/sistemas\/mediador\/Resumo\/ResumoVisualizar?nrSolicitacao=MR014457\/2022\">Mediador-Extrato-Conven\u00e7\u00e3o-Coletiva<\/a><\/p>\n","protected":false},"excerpt":{"rendered":"<p>O SERT\/SC comunica que a Conven\u00e7\u00e3o Coletiva de Trabalho 2022&hellip;<\/p>\n<p> <a class=\"more-link\" href=\"https:\/\/sertsc.org.br\/site\/registrada-convencao-coletiva-de-trabalho-2022-norte-nordeste-de-sc\/\">Leia mais<\/a><\/p>\n","protected":false},"author":1,"featured_media":17901,"comment_status":"open","ping_status":"open","sticky":false,"template":"","format":"standard","meta":{"footnotes":""},"categories":[33,1,3],"tags":[],"class_list":{"0":"post-17899","1":"post","2":"type-post","3":"status-publish","4":"format-standard","5":"has-post-thumbnail","7":"category-destaques","8":"category-geral","9":"category-noticias"},"_links":{"self":[{"href":"https:\/\/sertsc.org.br\/site\/wp-json\/wp\/v2\/posts\/17899","targetHints":{"allow":["GET"]}}],"collection":[{"href":"https:\/\/sertsc.org.br\/site\/wp-json\/wp\/v2\/posts"}],"about":[{"href":"https:\/\/sertsc.org.br\/site\/wp-json\/wp\/v2\/types\/post"}],"author":[{"embeddable":true,"href":"https:\/\/sertsc.org.br\/site\/wp-json\/wp\/v2\/users\/1"}],"replies":[{"embeddable":true,"href":"https:\/\/sertsc.org.br\/site\/wp-json\/wp\/v2\/comments?post=17899"}],"version-history":[{"count":0,"href":"https:\/\/sertsc.org.br\/site\/wp-json\/wp\/v2\/posts\/17899\/revisions"}],"wp:featuredmedia":[{"embeddable":true,"href":"https:\/\/sertsc.org.br\/site\/wp-json\/"}],"wp:attachment":[{"href":"https:\/\/sertsc.org.br\/site\/wp-json\/wp\/v2\/media?parent=17899"}],"wp:term":[{"taxonomy":"category","embeddable":true,"href":"https:\/\/sertsc.org.br\/site\/wp-json\/wp\/v2\/categories?post=17899"},{"taxonomy":"post_tag","embeddable":true,"href":"https:\/\/sertsc.org.br\/site\/wp-json\/wp\/v2\/tags?post=17899"}],"curies":[{"name":"wp","href":"https:\/\/api.w.org\/{rel}","templated":true}]}}