{"id":17883,"date":"2022-04-04T10:39:52","date_gmt":"2022-04-04T13:39:52","guid":{"rendered":"https:\/\/www.sertsc.org.br\/site\/?p=17883"},"modified":"2022-04-04T10:39:52","modified_gmt":"2022-04-04T13:39:52","slug":"numero-de-ouvintes-das-radios-fm-de-sao-paulo-e-o-maior-em-4-anos","status":"publish","type":"post","link":"https:\/\/sertsc.org.br\/site\/numero-de-ouvintes-das-radios-fm-de-sao-paulo-e-o-maior-em-4-anos\/","title":{"rendered":"N\u00famero de ouvintes das r\u00e1dios FM de S\u00e3o Paulo \u00e9 o maior em 4 anos"},"content":{"rendered":"<p>O crescimento do setor se acentua e as perspectivas s\u00e3o ainda mais positivas. O r\u00e1dio de S\u00e3o Paulo apresenta o n\u00famero potencializado de ouvintes alcan\u00e7ados.O FM paulistano est\u00e1 no mesmo patamar que era constatado nas pesquisas de 2018. Neste per\u00edodo, diversos fatores foram alterarados na rotina da popula\u00e7\u00e3o, com \u00eanfase para o auge da pandemia da covid-19 entre 2020 e 2021. De qualquer forma, no per\u00edodo antes do coronav\u00edrus o alcance do FM de S\u00e3o Paulo estava bem abaixo do que \u00e9 registrado hoje. O fato que denota boas perspectivas \u00e9 que tem cada vez mais pessoas ouvindo r\u00e1dio na capital paulista e na regi\u00e3o metropolitana.<\/p>\n<p>O desempenho \u00e9 expressivo: s\u00e3o nove esta\u00e7\u00f5es em FM acima da marca de 2 milh\u00f5es de ouvintes \u00fanicos alcan\u00e7ados em 30 dias. E 18 esta\u00e7\u00f5es est\u00e3o acima de 1 milh\u00e3o. Pela evolu\u00e7\u00e3o das emissoras, h\u00e1 uma boa chance dessas marcas serem ampliadas nas pr\u00f3ximas medi\u00e7\u00f5es, mas um segundo semestre com a presen\u00e7a da propaganda obrigat\u00f3ria eleitoral causa d\u00favidas se essa \u00e9 uma tend\u00eancia que seguir\u00e1 at\u00e9 o final do ano.<\/p>\n<p>Fato \u00e9: o que as FMs est\u00e3o fazendo no ar est\u00e1 chamando a aten\u00e7\u00e3o da popula\u00e7\u00e3o, pois mais pessoas est\u00e3o passando pelas r\u00e1dios. E com a audi\u00eancia tamb\u00e9m em alta, os ouvintes est\u00e3o tamb\u00e9m ficando em suas esta\u00e7\u00f5es preferidas.<\/p>\n<p>Os destaques<\/p>\n<p>A Band FM 96.1 (popular\/hits) segue com o maior alcance do r\u00e1dio de S\u00e3o Paulo, r\u00e1dio que tamb\u00e9m lidera em audi\u00eancia. S\u00e3o mais de 3 milh\u00f5es de pessoas em 30 dias, mantendo assim a marca de destaque registrada a partir da medi\u00e7\u00e3o anterior. E a Jovem Pan FM 100.9 (jovem\/adulto-jornalismo\/esportes) tamb\u00e9m se destaca ao crescer e se aproximar da marca dos 3 milh\u00f5es de ouvintes \u00fanicos no dial, hoje superando os 2,8 milh\u00f5es em alcance.<\/p>\n<p>Na sequ\u00eancia, o grupo dos 2 milh\u00f5es contam com as seguintes r\u00e1dios: Gazeta FM 88.1 (popular\/hits), Nativa FM 95.3 (popular\/sertaneja-rom\u00e2ntica), Alpha FM 101.7 (adulto-contempor\u00e2neo), Metropolitana FM 98.5 (jovem\/hits), Transcontinental FM 104.7 (popular\/hits), R\u00e1dio Mix FM 106.3 (jovem\/adulto-pop) e 89 FM A R\u00e1dio Rock FM 89.1 (rock\/alternativa). Praticamente todas essas FMs est\u00e3o com valores melhores hoje do que nas medi\u00e7\u00f5es realizadas ao longo de 2021.<\/p>\n<p>J\u00e1 no grupo acima de 1 milh\u00e3o de ouvintes alcan\u00e7ados por cada esta\u00e7\u00e3o em 30 dias, a R\u00e1dio Disney FM 91.3 (jovem\/hits) tem aparecido como a emissora com mais possibilidade de ampliar o n\u00famero de FMs acima de 2 milh\u00f5es. Na sequ\u00eancia, a Antena 1 FM 94.7 (adulto-contempor\u00e2neo) tamb\u00e9m se destaca ao ter ampliado os seus n\u00fameros de alcance nas medi\u00e7\u00f5es mais recentes.<\/p>\n<p>Completam a lista acima de 1 milh\u00e3o em cada r\u00e1dio: R\u00e1dio 105 FM 105.1 (popular\/esportes), Transam\u00e9rica FM 100.1 (jovem\/adulto-esportes\/jornalismo), BandNews FM 96.9 (jornalismo\/esportes), Novabrasil FM 89.7 (adulto\/nacional), Kiss FM 92.5 (adulto\/rock), CBN FM 90.5 (jornalismo\/esportes) e Energia 97 FM 97.7 (jovem\/adulto-esportes). E a R\u00e1dio Bandeirantes FM 90.9 (jornalismo\/esportes) est\u00e1 muito pr\u00f3xima de ampliar o grupo.<\/p>\n<p>Os dados s\u00e3o relativos \u00e0 pesquisa da Kantar IBOPE Media, trimestre dezembro de 2021 a fevereiro de 2022, 05h-00h\/FM+WEB, todos os dias.<\/p>\n<p>O alcance \u00e9 o n\u00famero de pessoas diferentes que ouviram uma determinada emissora por pelo menos 1 minuto, em um per\u00edodo de tempo definido. Na determina\u00e7\u00e3o do alcance n\u00e3o \u00e9 levado em conta o tempo que cada indiv\u00edduo dedicou \u00e0 emissora.<\/p>\n<p>O dado \u00e9 muito utilizado pelo mercado para medir a for\u00e7a de marca e a efici\u00eancia dos resultados de a\u00e7\u00f5es promocionais e de comunica\u00e7\u00e3o, tamb\u00e9m auxiliando diretamente na defesa comercial do meio r\u00e1dio.<\/p>\n<p>A partir de pedidos de profissionais de v\u00e1rias regi\u00f5es brasileiras, o tudoradio.com acompanhar\u00e1 com mais frequ\u00eancia a evolu\u00e7\u00e3o do alcance do r\u00e1dio no Brasil, tendo como base o per\u00edodo 05h-00h (FM+WEB\/todos os dias e locais), considerando o alcance 30 dias e tamb\u00e9m o m\u00e1ximo (90 dias).<\/p>\n<p>Como ele exp\u00f5e o impacto do meio r\u00e1dio e de uma determinada marca na popula\u00e7\u00e3o, atualmente o alcance \u00e9 lembrado como algo mais pr\u00f3ximo dos valores utilizados por plataformas digitais, como n\u00fameros de visitantes \u00fanicos, alcances e engajamentos (que dificilmente consideram m\u00e9dias de audi\u00eancia).<\/p>\n<p>Importante: entenda o ranking e conhe\u00e7a a variedade nos cen\u00e1rios<\/p>\n<p>A medi\u00e7\u00e3o realizada pelo Kantar IBOPE Media conta com v\u00e1rios cen\u00e1rios diferentes. Desde 2007 o tudoradio.com mostra a evolu\u00e7\u00e3o do meio FM na m\u00e9dia de audi\u00eancia por minuto das esta\u00e7\u00f5es medidas, tendo o 05h-00h (todos os dias e locais) como base.<\/p>\n<p>Para algumas emissoras \u00e9 importante estar entre os maiores volumes de audi\u00eancia (que \u00e9 a composi\u00e7\u00e3o de alcance com tempo m\u00e9dio e afinidade), mas para outras o foco \u00e9 estar bem posicionada dentro de seu formato e\/ou p\u00fablico-alvo, situa\u00e7\u00f5es que v\u00e3o determinar as estrat\u00e9gias de cada esta\u00e7\u00e3o, seja na \u00e1rea art\u00edstica ou tamb\u00e9m na comercial.<\/p>\n<p>Tamb\u00e9m \u00e9 importante considerar que a m\u00e9dia de ouvintes por minuto \u00e9 um dos dados considerados pelo mercado. A pesquisa conta com outros \u00edndices e valores, como share (partilha do meio FM\/AM entre as r\u00e1dios medidas, esta que tamb\u00e9m conta com cen\u00e1rios diversos), \u00edndice absoluto de audi\u00eancia, alcance (total de ouvintes diferentes impactados pela r\u00e1dio durante um determinado per\u00edodos de tempo, dado que tem um peso semelhante \u00e0 m\u00e9dia de audi\u00eancia), afinidade, sobreposi\u00e7\u00f5es, entre outros dados e cen\u00e1rios.<\/p>\n<p>Todos esses recortes, seja da audi\u00eancia, alcance, afinidade, entre outros dados, ajudam nos planejamentos art\u00edstico, promocional e comercial do mercado. Por isso n\u00e3o \u00e9 correto um planejamento de m\u00eddia baseado apenas em um ranking isolado, seja ele de audi\u00eancia, alcance ou qualquer outra m\u00e9trica.<\/p>\n<p><img fetchpriority=\"high\" decoding=\"async\" class=\"wp-image-17885 aligncenter\" src=\"https:\/\/www.sertsc.org.br\/site\/wp-content\/uploads\/2022\/04\/Aniversario-email--300x200.png\" alt=\"\" width=\"728\" height=\"485\" \/><\/p>\n<p>Fonte Tudo R\u00e1dio https:\/\/tudoradio.com\/noticias\/ver\/27147-panorama-radio-fm-de-sao-paulo-cresce-de-novo-e-numero-de-ouvintes-e-o-maior-em-quase-4-anos<\/p>\n","protected":false},"excerpt":{"rendered":"<p>O crescimento do setor se acentua e as perspectivas s\u00e3o&hellip;<\/p>\n<p> <a class=\"more-link\" href=\"https:\/\/sertsc.org.br\/site\/numero-de-ouvintes-das-radios-fm-de-sao-paulo-e-o-maior-em-4-anos\/\">Leia mais<\/a><\/p>\n","protected":false},"author":1,"featured_media":17885,"comment_status":"open","ping_status":"open","sticky":false,"template":"","format":"standard","meta":{"footnotes":""},"categories":[33,3],"tags":[],"class_list":{"0":"post-17883","1":"post","2":"type-post","3":"status-publish","4":"format-standard","5":"has-post-thumbnail","7":"category-destaques","8":"category-noticias"},"_links":{"self":[{"href":"https:\/\/sertsc.org.br\/site\/wp-json\/wp\/v2\/posts\/17883","targetHints":{"allow":["GET"]}}],"collection":[{"href":"https:\/\/sertsc.org.br\/site\/wp-json\/wp\/v2\/posts"}],"about":[{"href":"https:\/\/sertsc.org.br\/site\/wp-json\/wp\/v2\/types\/post"}],"author":[{"embeddable":true,"href":"https:\/\/sertsc.org.br\/site\/wp-json\/wp\/v2\/users\/1"}],"replies":[{"embeddable":true,"href":"https:\/\/sertsc.org.br\/site\/wp-json\/wp\/v2\/comments?post=17883"}],"version-history":[{"count":0,"href":"https:\/\/sertsc.org.br\/site\/wp-json\/wp\/v2\/posts\/17883\/revisions"}],"wp:featuredmedia":[{"embeddable":true,"href":"https:\/\/sertsc.org.br\/site\/wp-json\/"}],"wp:attachment":[{"href":"https:\/\/sertsc.org.br\/site\/wp-json\/wp\/v2\/media?parent=17883"}],"wp:term":[{"taxonomy":"category","embeddable":true,"href":"https:\/\/sertsc.org.br\/site\/wp-json\/wp\/v2\/categories?post=17883"},{"taxonomy":"post_tag","embeddable":true,"href":"https:\/\/sertsc.org.br\/site\/wp-json\/wp\/v2\/tags?post=17883"}],"curies":[{"name":"wp","href":"https:\/\/api.w.org\/{rel}","templated":true}]}}