{"id":17879,"date":"2022-04-01T19:59:52","date_gmt":"2022-04-01T22:59:52","guid":{"rendered":"https:\/\/www.sertsc.org.br\/site\/?p=17879"},"modified":"2022-04-01T19:59:52","modified_gmt":"2022-04-01T22:59:52","slug":"concluida-a-negociacao-da-convencao-coletiva-de-trabalho-da-regiao-norte-e-nordeste-do-estado-santa-catarina","status":"publish","type":"post","link":"https:\/\/sertsc.org.br\/site\/concluida-a-negociacao-da-convencao-coletiva-de-trabalho-da-regiao-norte-e-nordeste-do-estado-santa-catarina\/","title":{"rendered":"Conclu\u00edda a negocia\u00e7\u00e3o da Conven\u00e7\u00e3o Coletiva de Trabalho da Regi\u00e3o Norte e Nordeste do estado Santa Catarina"},"content":{"rendered":"<p class=\"p1\">Comunicamos que nesta quinta-feira (31) os representantes do Sindicato das Empresas de R\u00e1dio e Televis\u00e3o de Santa Catarina (SERT\/SC), e o Sindicato dos Radialistas Profissionais e Empregados em Empresas de Radiodifus\u00e3o e Televis\u00e3o da <span class=\"s1\"><b>Regi\u00e3o Norte\/Nordeste do Estado de Santa Catarina<\/b><\/span> conclu\u00edram a negocia\u00e7\u00e3o da Conven\u00e7\u00e3o Coletiva de Trabalho do exerc\u00edcio de 2022 com as seguintes cl\u00e1usulas econ\u00f4micas:<\/p>\n<p class=\"p1\">&#8211; <span class=\"s1\"><b>Reajuste<\/b><\/span> de 7,75% (sete virgula setenta e cinco por cento), a incidir sobre o sal\u00e1rio de janeiro de 2021, sendo que o reajuste tem vig\u00eancia a partir de 1\u00b0 de janeiro de 2022. Nos termos da Conven\u00e7\u00e3o Coletiva o pagamento do valor retroativo ao m\u00eas de janeiro de 2022, dever\u00e1 ser efetuado na folha de pagamento de abril, com pagamento at\u00e9 o 5\u00b0 dia \u00fatil do m\u00eas de maio de 2022.<\/p>\n<p class=\"p1\">&#8211; O piso da categoria para as <span class=\"s1\"><b>fun\u00e7\u00f5es n\u00e3o regulamentadas passa para o valor de R$ 1.212,00<\/b><\/span> (um mil duzentos e doze reais);<\/p>\n<p class=\"p1\">&#8211; O piso da categoria para <span class=\"s1\"><b>fun\u00e7\u00f5es regulamentadas passa para R$ 1.324,00<\/b><\/span> (um mil trezentos e vinte e quatro reais).<\/p>\n<p class=\"p1\">As demais cl\u00e1usulas econ\u00f4micas tamb\u00e9m ser\u00e3o reajustadas no mesmo percentual (7,75%), e as cl\u00e1usulas sociais permanecem conforme a Conven\u00e7\u00e3o Coletiva de Trabalho anterior.<\/p>\n<p class=\"p1\">Logo que a Conven\u00e7\u00e3o Coletiva de Trabalho for efetivamente registrada ser\u00e1 postada no site do <b>SERT\/SC.<\/b><\/p>\n<p class=\"p1\"><b>\u00a0<\/b><\/p>\n<h4 class=\"p1\">Humberto Ohf de Andrade<\/h4>\n<h4 class=\"p1\">Presidente SERT\/SC<\/h4>\n<p>&nbsp;<\/p>\n","protected":false},"excerpt":{"rendered":"<p>Comunicamos que nesta quinta-feira (31) os representantes do Sindicato das&hellip;<\/p>\n<p> <a class=\"more-link\" href=\"https:\/\/sertsc.org.br\/site\/concluida-a-negociacao-da-convencao-coletiva-de-trabalho-da-regiao-norte-e-nordeste-do-estado-santa-catarina\/\">Leia mais<\/a><\/p>\n","protected":false},"author":1,"featured_media":17881,"comment_status":"open","ping_status":"open","sticky":false,"template":"","format":"standard","meta":{"footnotes":""},"categories":[33,1,3],"tags":[],"class_list":{"0":"post-17879","1":"post","2":"type-post","3":"status-publish","4":"format-standard","5":"has-post-thumbnail","7":"category-destaques","8":"category-geral","9":"category-noticias"},"_links":{"self":[{"href":"https:\/\/sertsc.org.br\/site\/wp-json\/wp\/v2\/posts\/17879","targetHints":{"allow":["GET"]}}],"collection":[{"href":"https:\/\/sertsc.org.br\/site\/wp-json\/wp\/v2\/posts"}],"about":[{"href":"https:\/\/sertsc.org.br\/site\/wp-json\/wp\/v2\/types\/post"}],"author":[{"embeddable":true,"href":"https:\/\/sertsc.org.br\/site\/wp-json\/wp\/v2\/users\/1"}],"replies":[{"embeddable":true,"href":"https:\/\/sertsc.org.br\/site\/wp-json\/wp\/v2\/comments?post=17879"}],"version-history":[{"count":0,"href":"https:\/\/sertsc.org.br\/site\/wp-json\/wp\/v2\/posts\/17879\/revisions"}],"wp:featuredmedia":[{"embeddable":true,"href":"https:\/\/sertsc.org.br\/site\/wp-json\/"}],"wp:attachment":[{"href":"https:\/\/sertsc.org.br\/site\/wp-json\/wp\/v2\/media?parent=17879"}],"wp:term":[{"taxonomy":"category","embeddable":true,"href":"https:\/\/sertsc.org.br\/site\/wp-json\/wp\/v2\/categories?post=17879"},{"taxonomy":"post_tag","embeddable":true,"href":"https:\/\/sertsc.org.br\/site\/wp-json\/wp\/v2\/tags?post=17879"}],"curies":[{"name":"wp","href":"https:\/\/api.w.org\/{rel}","templated":true}]}}