{"id":17853,"date":"2022-03-31T10:58:14","date_gmt":"2022-03-31T13:58:14","guid":{"rendered":"https:\/\/www.sertsc.org.br\/site\/?p=17853"},"modified":"2022-03-31T10:58:14","modified_gmt":"2022-03-31T13:58:14","slug":"comissao-para-america-latina-destaca-que-os-beneficios-do-5g-nao-podem-ficar-concentrados","status":"publish","type":"post","link":"https:\/\/sertsc.org.br\/site\/comissao-para-america-latina-destaca-que-os-beneficios-do-5g-nao-podem-ficar-concentrados\/","title":{"rendered":"Comiss\u00e3o para Am\u00e9rica Latina destaca que os benef\u00edcios do 5G n\u00e3o podem ficar concentrados"},"content":{"rendered":"<p>Comiss\u00e3o regional da ONU para a Am\u00e9rica Latina e Caribe, a Cepal, destaca que os benef\u00edcios provenientes do 5G n\u00e3o podem refletir a atual desigualdade na cobertura. A chegada de redes 5G na Am\u00e9rica Latina tem potencial para resolver problemas estruturais da regi\u00e3o, por\u00e9m precisa ser um movimento que n\u00e3o privilegie a concentra\u00e7\u00e3o de disponibilidade.<\/p>\n<p>Assistente s\u00eanior de assuntos econ\u00f4micos da Cepal, Edwin Fernando Rojas participou de debate virtual que tamb\u00e9m reuniu reguladores nesta quarta-feira, 30. &#8220;Se n\u00e3o universalizarmos o acesso, os benef\u00edcios da digitaliza\u00e7\u00e3o podem ficar concentrados em alguns segmentos e na ind\u00fastria&#8221;, afirmou ele, na ocasi\u00e3o.<\/p>\n<p>Para tal, a comiss\u00e3o se apoiou em dados que mostram diferen\u00e7as de at\u00e9 50 pontos percentuais na penetra\u00e7\u00e3o de Internet quando comparados zonas urbanas e rurais. O abismo seria maior no M\u00e9xico, mas tamb\u00e9m relevante em pa\u00edses como Paraguai (47 p.p.) e Uruguai (40 p.p.); tend\u00eancia similar \u00e9 verificada no confronto entre cidades maiores e menores em pa\u00edses da Am\u00e9rica Latina.<\/p>\n<p>&#8220;A digitaliza\u00e7\u00e3o n\u00e3o pode aprofundar essas brechas&#8221;, afirmou Rojas. Como alternativas para invers\u00e3o da din\u00e2mica, a Cepal defendeu incentivos \u00e0 inova\u00e7\u00e3o, \u00e0 coopera\u00e7\u00e3o p\u00fablico-privada e tamb\u00e9m a elabora\u00e7\u00e3o de planos nacionais de digitaliza\u00e7\u00e3o por parte das na\u00e7\u00f5es latino-americanas. Por enquanto, apenas Col\u00f4mbia e M\u00e9xico teriam estrat\u00e9gias do g\u00eanero publicadas, enquanto Brasil e Argentina estariam discutindo projetos.<\/p>\n<p>&#8220;A produtividade da regi\u00e3o estancou, aumentando o gap para outros pa\u00edses e com impacto na competitividade. As tecnologias digitais podem de certa forma solucionar esses problemas estruturais&#8221;, sinalizou o analista, no evento promovido pelo portal DPL. Por enquanto, segmentos que estariam despontando como catalisadores da digitaliza\u00e7\u00e3o s\u00e3o o agro brasileiro, o setor automotivo mexicano e o banc\u00e1rio colombiano.<\/p>\n<p><img fetchpriority=\"high\" decoding=\"async\" class=\"wp-image-17854 aligncenter\" src=\"https:\/\/www.sertsc.org.br\/site\/wp-content\/uploads\/2022\/03\/Aniversario-email-3-1-300x200.png\" alt=\"\" width=\"698\" height=\"465\" \/><\/p>\n<p>&nbsp;<\/p>\n<p>Fonte: Tele Time https:\/\/teletime.com.br\/30\/03\/2022\/beneficios-do-5g-nao-podem-ficar-concentrados-alerta-comissao-para-america-latina\/<\/p>\n","protected":false},"excerpt":{"rendered":"<p>Comiss\u00e3o regional da ONU para a Am\u00e9rica Latina e Caribe,&hellip;<\/p>\n<p> <a class=\"more-link\" href=\"https:\/\/sertsc.org.br\/site\/comissao-para-america-latina-destaca-que-os-beneficios-do-5g-nao-podem-ficar-concentrados\/\">Leia mais<\/a><\/p>\n","protected":false},"author":1,"featured_media":17854,"comment_status":"open","ping_status":"open","sticky":false,"template":"","format":"standard","meta":{"footnotes":""},"categories":[33,3],"tags":[],"class_list":{"0":"post-17853","1":"post","2":"type-post","3":"status-publish","4":"format-standard","5":"has-post-thumbnail","7":"category-destaques","8":"category-noticias"},"_links":{"self":[{"href":"https:\/\/sertsc.org.br\/site\/wp-json\/wp\/v2\/posts\/17853","targetHints":{"allow":["GET"]}}],"collection":[{"href":"https:\/\/sertsc.org.br\/site\/wp-json\/wp\/v2\/posts"}],"about":[{"href":"https:\/\/sertsc.org.br\/site\/wp-json\/wp\/v2\/types\/post"}],"author":[{"embeddable":true,"href":"https:\/\/sertsc.org.br\/site\/wp-json\/wp\/v2\/users\/1"}],"replies":[{"embeddable":true,"href":"https:\/\/sertsc.org.br\/site\/wp-json\/wp\/v2\/comments?post=17853"}],"version-history":[{"count":0,"href":"https:\/\/sertsc.org.br\/site\/wp-json\/wp\/v2\/posts\/17853\/revisions"}],"wp:featuredmedia":[{"embeddable":true,"href":"https:\/\/sertsc.org.br\/site\/wp-json\/"}],"wp:attachment":[{"href":"https:\/\/sertsc.org.br\/site\/wp-json\/wp\/v2\/media?parent=17853"}],"wp:term":[{"taxonomy":"category","embeddable":true,"href":"https:\/\/sertsc.org.br\/site\/wp-json\/wp\/v2\/categories?post=17853"},{"taxonomy":"post_tag","embeddable":true,"href":"https:\/\/sertsc.org.br\/site\/wp-json\/wp\/v2\/tags?post=17853"}],"curies":[{"name":"wp","href":"https:\/\/api.w.org\/{rel}","templated":true}]}}