{"id":17790,"date":"2022-03-22T09:19:28","date_gmt":"2022-03-22T12:19:28","guid":{"rendered":"https:\/\/www.sertsc.org.br\/site\/?p=17790"},"modified":"2022-03-22T09:19:28","modified_gmt":"2022-03-22T12:19:28","slug":"sindicato-nacional-de-jornalistas-da-ucrania-acusa-russia-de-sequestrar-quatro-jornalistas-ucranianos","status":"publish","type":"post","link":"https:\/\/sertsc.org.br\/site\/sindicato-nacional-de-jornalistas-da-ucrania-acusa-russia-de-sequestrar-quatro-jornalistas-ucranianos\/","title":{"rendered":"Sindicato Nacional de Jornalistas da Ucr\u00e2nia acusa R\u00fassia de sequestrar quatro jornalistas ucranianos"},"content":{"rendered":"<p>Nesta segunda-feira, dia 21, a R\u00fassia foi acusada pelo Sindicato Nacional de Jornalistas da Ucr\u00e2nia de ter sequestrado quatro jornalistas ucranianos em uma cidade no sudeste do pa\u00eds, Melitopol.<br \/>\nO comunicado divulgado pela imprensa internacional denunciou que homens armados invadiram a casa dos profissionais e os levaram.<\/p>\n<p>Os profissionais eram todos associados ao Melitopolskie Vedomosti, um jornal local. No grupo estavam o editor aposentado do jornal, Mykhailo Kumko; seu editor-chefe, Yevhenia Boryan; e dois rep\u00f3rteres, Yulia Olkhovska e Lyubov Chaika.<\/p>\n<p>O prefeito da cidade, Ivan Fedorov, foi sequestrado e ficou 15 dias detido pelas for\u00e7as russas, de acordo com autoridades ucranianas. Ele foi libertado na \u00faltima quarta-feira, 16.<\/p>\n<p>Ao menos cinco jornalistas j\u00e1 foram mortos durante o conflito na Ucr\u00e2nia: Pierre Zakrzewski, um veterano dos campos de batalha, e a ucraniana Alexandra Kuvshinova, que trabalhavam para a emissora norte-americana Fox News, o americano Brent Renaud, que j\u00e1 trabalhou para o The New York Times, e os ucranianos Viktor Dudar e Yevhen Sakun.<\/p>\n<p><img fetchpriority=\"high\" decoding=\"async\" class=\"wp-image-17791 aligncenter\" src=\"https:\/\/www.sertsc.org.br\/site\/wp-content\/uploads\/2022\/03\/Aniversario-email-15.png\" alt=\"\" width=\"521\" height=\"348\" \/><\/p>\n<p>Fonte: Portal Making Of https:\/\/portalmakingof.com.br\/russia-e-acusada-de-sequestrar-quatro-jornalistas-ucranianos\/<\/p>\n","protected":false},"excerpt":{"rendered":"<p>Nesta segunda-feira, dia 21, a R\u00fassia foi acusada pelo Sindicato&hellip;<\/p>\n<p> <a class=\"more-link\" href=\"https:\/\/sertsc.org.br\/site\/sindicato-nacional-de-jornalistas-da-ucrania-acusa-russia-de-sequestrar-quatro-jornalistas-ucranianos\/\">Leia mais<\/a><\/p>\n","protected":false},"author":1,"featured_media":17791,"comment_status":"open","ping_status":"open","sticky":false,"template":"","format":"standard","meta":{"footnotes":""},"categories":[33,1,3],"tags":[],"class_list":{"0":"post-17790","1":"post","2":"type-post","3":"status-publish","4":"format-standard","5":"has-post-thumbnail","7":"category-destaques","8":"category-geral","9":"category-noticias"},"_links":{"self":[{"href":"https:\/\/sertsc.org.br\/site\/wp-json\/wp\/v2\/posts\/17790","targetHints":{"allow":["GET"]}}],"collection":[{"href":"https:\/\/sertsc.org.br\/site\/wp-json\/wp\/v2\/posts"}],"about":[{"href":"https:\/\/sertsc.org.br\/site\/wp-json\/wp\/v2\/types\/post"}],"author":[{"embeddable":true,"href":"https:\/\/sertsc.org.br\/site\/wp-json\/wp\/v2\/users\/1"}],"replies":[{"embeddable":true,"href":"https:\/\/sertsc.org.br\/site\/wp-json\/wp\/v2\/comments?post=17790"}],"version-history":[{"count":0,"href":"https:\/\/sertsc.org.br\/site\/wp-json\/wp\/v2\/posts\/17790\/revisions"}],"wp:featuredmedia":[{"embeddable":true,"href":"https:\/\/sertsc.org.br\/site\/wp-json\/"}],"wp:attachment":[{"href":"https:\/\/sertsc.org.br\/site\/wp-json\/wp\/v2\/media?parent=17790"}],"wp:term":[{"taxonomy":"category","embeddable":true,"href":"https:\/\/sertsc.org.br\/site\/wp-json\/wp\/v2\/categories?post=17790"},{"taxonomy":"post_tag","embeddable":true,"href":"https:\/\/sertsc.org.br\/site\/wp-json\/wp\/v2\/tags?post=17790"}],"curies":[{"name":"wp","href":"https:\/\/api.w.org\/{rel}","templated":true}]}}