{"id":17781,"date":"2022-03-21T11:22:00","date_gmt":"2022-03-21T14:22:00","guid":{"rendered":"https:\/\/www.sertsc.org.br\/site\/?p=17781"},"modified":"2022-03-21T11:22:00","modified_gmt":"2022-03-21T14:22:00","slug":"fiscalizacao-no-sul-de-minas-gerais-lacra-e-fecha-emissoras-de-radio-clandestinas","status":"publish","type":"post","link":"https:\/\/sertsc.org.br\/site\/fiscalizacao-no-sul-de-minas-gerais-lacra-e-fecha-emissoras-de-radio-clandestinas\/","title":{"rendered":"Fiscaliza\u00e7\u00e3o no Sul de Minas Gerais lacra e fecha emissoras de r\u00e1dio clandestinas"},"content":{"rendered":"<p>A fiscaliza\u00e7\u00e3o da Anatel aconteceu na \u00faltima quarta-feira, dia 16, em Po\u00e7os de Caldas e interrompeu o funcionamento de duas esta\u00e7\u00f5es de r\u00e1dio clandestinas. Agentes de fiscaliza\u00e7\u00e3o da ag\u00eancia e oficiais de justi\u00e7a, acompanhados pela Pol\u00edcia Militar, cumpriram os mandados.<\/p>\n<p>Os trabalhos que culminaram na interrup\u00e7\u00e3o dos sinais de emissoras de r\u00e1dio clandestinas em Po\u00e7os de Caldas tiveram in\u00edcio no ano passado, quando a Anatel comprovou, durante monitoramento do espectro, a utiliza\u00e7\u00e3o de canais em FM n\u00e3o autorizados no munic\u00edpio. Com a comprova\u00e7\u00e3o, a ag\u00eancia reguladora dos servi\u00e7os de telecomunica\u00e7\u00f5es obteve junto \u00e0 Justi\u00e7a mandados de busca e apreens\u00e3o com o objetivo de interromper o funcionamento das emissoras, apreender os equipamentos utilizados na transmiss\u00e3o e autuar os respons\u00e1veis.<\/p>\n<p>Durante a opera\u00e7\u00e3o da \u00faltima quarta-feira (16), as r\u00e1dios Filad\u00e9lfia FM e Stylus FM tiveram seus sinais interrompidos. Al\u00e9m disso, os equipamentos e transmissores foram apreendidos e os respons\u00e1veis pelas esta\u00e7\u00f5es foram autuados. Tamb\u00e9m foi realizada representa\u00e7\u00e3o criminal para averigua\u00e7\u00e3o do crime relacionado ao desenvolvimento clandestino de atividades de radiodifus\u00e3o, o qual consta no artigo 183 da Lei Geral de Telecomunica\u00e7\u00f5es, a qual prev\u00ea pena de deten\u00e7\u00e3o de dois a quatro anos para os respons\u00e1veis pela atividade ilegal.<\/p>\n<p><img fetchpriority=\"high\" decoding=\"async\" class=\"wp-image-17782 aligncenter\" src=\"https:\/\/www.sertsc.org.br\/site\/wp-content\/uploads\/2022\/03\/Aniversario-email-10.png\" alt=\"\" width=\"556\" height=\"371\" \/><\/p>\n<p>Fonte: Tudo R\u00e1dio https:\/\/tudoradio.com\/noticias\/ver\/27069-emissoras-de-radio-clandestinas-sao-lacradas-e-fechadas-durante-fiscalizacao-no-sul-de-minas-gerais<\/p>\n","protected":false},"excerpt":{"rendered":"<p>A fiscaliza\u00e7\u00e3o da Anatel aconteceu na \u00faltima quarta-feira, dia 16,&hellip;<\/p>\n<p> <a class=\"more-link\" href=\"https:\/\/sertsc.org.br\/site\/fiscalizacao-no-sul-de-minas-gerais-lacra-e-fecha-emissoras-de-radio-clandestinas\/\">Leia mais<\/a><\/p>\n","protected":false},"author":1,"featured_media":17782,"comment_status":"open","ping_status":"open","sticky":false,"template":"","format":"standard","meta":{"footnotes":""},"categories":[33,3],"tags":[],"class_list":{"0":"post-17781","1":"post","2":"type-post","3":"status-publish","4":"format-standard","5":"has-post-thumbnail","7":"category-destaques","8":"category-noticias"},"_links":{"self":[{"href":"https:\/\/sertsc.org.br\/site\/wp-json\/wp\/v2\/posts\/17781","targetHints":{"allow":["GET"]}}],"collection":[{"href":"https:\/\/sertsc.org.br\/site\/wp-json\/wp\/v2\/posts"}],"about":[{"href":"https:\/\/sertsc.org.br\/site\/wp-json\/wp\/v2\/types\/post"}],"author":[{"embeddable":true,"href":"https:\/\/sertsc.org.br\/site\/wp-json\/wp\/v2\/users\/1"}],"replies":[{"embeddable":true,"href":"https:\/\/sertsc.org.br\/site\/wp-json\/wp\/v2\/comments?post=17781"}],"version-history":[{"count":0,"href":"https:\/\/sertsc.org.br\/site\/wp-json\/wp\/v2\/posts\/17781\/revisions"}],"wp:featuredmedia":[{"embeddable":true,"href":"https:\/\/sertsc.org.br\/site\/wp-json\/"}],"wp:attachment":[{"href":"https:\/\/sertsc.org.br\/site\/wp-json\/wp\/v2\/media?parent=17781"}],"wp:term":[{"taxonomy":"category","embeddable":true,"href":"https:\/\/sertsc.org.br\/site\/wp-json\/wp\/v2\/categories?post=17781"},{"taxonomy":"post_tag","embeddable":true,"href":"https:\/\/sertsc.org.br\/site\/wp-json\/wp\/v2\/tags?post=17781"}],"curies":[{"name":"wp","href":"https:\/\/api.w.org\/{rel}","templated":true}]}}