{"id":17778,"date":"2022-03-21T11:04:37","date_gmt":"2022-03-21T14:04:37","guid":{"rendered":"https:\/\/www.sertsc.org.br\/site\/?p=17778"},"modified":"2022-03-21T11:04:37","modified_gmt":"2022-03-21T14:04:37","slug":"nota-de-repudio-5","status":"publish","type":"post","link":"https:\/\/sertsc.org.br\/site\/nota-de-repudio-5\/","title":{"rendered":"NOTA DE REP\u00daDIO"},"content":{"rendered":"<p>O SERT\/SC, representante patronal das empresas de r\u00e1dio e TV de Santa Catarina, repudia as agress\u00f5es de que foi alvo a equipe da R\u00e1dio Atual FM na semana passada.<\/p>\n<p>Na sexta-feira, 18 de mar\u00e7o, na cidade de Conc\u00f3rdia\/SC, uma pessoa atacou o carro de reportagem da R\u00e1dio Atual FM, quebrando lanternas, vidros e danificando a lataria do ve\u00edculo, com a alega\u00e7\u00e3o de n\u00e3o concordar com uma reportagem veiculada na emissora.<\/p>\n<p>Neste dif\u00edcil momento vivido pela sociedade, a imprensa livre cumpre um papel ainda mais importante. Nenhuma agress\u00e3o aos profissionais de comunica\u00e7\u00e3o pode ser tolerada. O SERT\/SC se solidariza com os profissionais da R\u00e1dio Atual FM e espera que as autoridades tomem as devidas provid\u00eancias.<\/p>\n<p>Humberto Ohf de Andrade<br \/>\nPresidente SERT\/SC<\/p>\n<p><img fetchpriority=\"high\" decoding=\"async\" class=\"wp-image-17779 aligncenter\" src=\"https:\/\/www.sertsc.org.br\/site\/wp-content\/uploads\/2022\/03\/Aniversario-email-9.png\" alt=\"\" width=\"559\" height=\"373\" \/><\/p>\n","protected":false},"excerpt":{"rendered":"<p>O SERT\/SC, representante patronal das empresas de r\u00e1dio e TV&hellip;<\/p>\n<p> <a class=\"more-link\" href=\"https:\/\/sertsc.org.br\/site\/nota-de-repudio-5\/\">Leia mais<\/a><\/p>\n","protected":false},"author":1,"featured_media":17779,"comment_status":"open","ping_status":"open","sticky":false,"template":"","format":"standard","meta":{"footnotes":""},"categories":[33,3],"tags":[],"class_list":{"0":"post-17778","1":"post","2":"type-post","3":"status-publish","4":"format-standard","5":"has-post-thumbnail","7":"category-destaques","8":"category-noticias"},"_links":{"self":[{"href":"https:\/\/sertsc.org.br\/site\/wp-json\/wp\/v2\/posts\/17778","targetHints":{"allow":["GET"]}}],"collection":[{"href":"https:\/\/sertsc.org.br\/site\/wp-json\/wp\/v2\/posts"}],"about":[{"href":"https:\/\/sertsc.org.br\/site\/wp-json\/wp\/v2\/types\/post"}],"author":[{"embeddable":true,"href":"https:\/\/sertsc.org.br\/site\/wp-json\/wp\/v2\/users\/1"}],"replies":[{"embeddable":true,"href":"https:\/\/sertsc.org.br\/site\/wp-json\/wp\/v2\/comments?post=17778"}],"version-history":[{"count":0,"href":"https:\/\/sertsc.org.br\/site\/wp-json\/wp\/v2\/posts\/17778\/revisions"}],"wp:featuredmedia":[{"embeddable":true,"href":"https:\/\/sertsc.org.br\/site\/wp-json\/"}],"wp:attachment":[{"href":"https:\/\/sertsc.org.br\/site\/wp-json\/wp\/v2\/media?parent=17778"}],"wp:term":[{"taxonomy":"category","embeddable":true,"href":"https:\/\/sertsc.org.br\/site\/wp-json\/wp\/v2\/categories?post=17778"},{"taxonomy":"post_tag","embeddable":true,"href":"https:\/\/sertsc.org.br\/site\/wp-json\/wp\/v2\/tags?post=17778"}],"curies":[{"name":"wp","href":"https:\/\/api.w.org\/{rel}","templated":true}]}}