{"id":17773,"date":"2022-03-18T10:14:14","date_gmt":"2022-03-18T13:14:14","guid":{"rendered":"https:\/\/www.sertsc.org.br\/site\/?p=17773"},"modified":"2022-03-18T10:14:14","modified_gmt":"2022-03-18T13:14:14","slug":"aprovado-satelite-para-banda-ku","status":"publish","type":"post","link":"https:\/\/sertsc.org.br\/site\/aprovado-satelite-para-banda-ku\/","title":{"rendered":"Aprovado sat\u00e9lite para Banda Ku"},"content":{"rendered":"<p>Abratel emitiu nota sobre a aprova\u00e7\u00e3o do sat\u00e9lite que integrar\u00e1 a pol\u00edtica p\u00fablica de migra\u00e7\u00e3o dos sinais de TV por sat\u00e9lite da banda C para a banda Ku. A reuni\u00e3o decisiva do Grupo de Acompanhamento da Implanta\u00e7\u00e3o das Solu\u00e7\u00f5es para os Problemas de Interfer\u00eancia (GAISPI), aconteceu na quarta-feira, 16 de mar\u00e7o.<\/p>\n<p>A op\u00e7\u00e3o pelo sat\u00e9lite aconteceu foi direcionada pela an\u00e1lise do crit\u00e9rios de maior capacidade, total e dispon\u00edvel, com a prerrogativa do apontamento para a posi\u00e7\u00e3o orbital 70\u00b0W, da Embratel. De qualquer forma tamb\u00e9m resguardou o direito dos radiodifusores de disponibilizarem os sinais de TVRO na outra posi\u00e7\u00e3o orbital indicada \u2013 43,1\u00b0W, GLA Brasil.<\/p>\n<p>Sob esta perspectiva, durante manifesta\u00e7\u00e3o a representantes da ABERT e ABRATEL, Mois\u00e9s Moreira afirmou que \u201ca decis\u00e3o tomada resguarda a autonomia e o direito dos radiodifusores de buscarem outras empresas satelitais, no modelo de TVRO, para a disponibiliza\u00e7\u00e3o de seus sinais na banda Ku, inclusive na posi\u00e7\u00e3o orbital 43,1\u00b0, conforme ju\u00edzo de conveni\u00eancia e oportunidade na condu\u00e7\u00e3o de seus neg\u00f3cios\u201d.<\/p>\n<p>Frente a esta decis\u00e3o e nessas condi\u00e7\u00f5es, a ABERT e ABRATEL reafirmaram o compromisso de levar a TV aberta e gratuita a toda sociedade brasileira.<\/p>\n<p><img fetchpriority=\"high\" decoding=\"async\" class=\"wp-image-17774 aligncenter\" src=\"https:\/\/www.sertsc.org.br\/site\/wp-content\/uploads\/2022\/03\/Aniversario-email-6-2.png\" alt=\"\" width=\"446\" height=\"298\" \/><\/p>\n<p>Fonte: Abratel https:\/\/abratel.org.br\/noticias\/nota-conjunta-abratel-e-abert-indicacao-do-satelite-banda-ku\/<\/p>\n","protected":false},"excerpt":{"rendered":"<p>Abratel emitiu nota sobre a aprova\u00e7\u00e3o do sat\u00e9lite que integrar\u00e1&hellip;<\/p>\n<p> <a class=\"more-link\" href=\"https:\/\/sertsc.org.br\/site\/aprovado-satelite-para-banda-ku\/\">Leia mais<\/a><\/p>\n","protected":false},"author":1,"featured_media":17774,"comment_status":"open","ping_status":"open","sticky":false,"template":"","format":"standard","meta":{"footnotes":""},"categories":[33,3],"tags":[],"class_list":{"0":"post-17773","1":"post","2":"type-post","3":"status-publish","4":"format-standard","5":"has-post-thumbnail","7":"category-destaques","8":"category-noticias"},"_links":{"self":[{"href":"https:\/\/sertsc.org.br\/site\/wp-json\/wp\/v2\/posts\/17773","targetHints":{"allow":["GET"]}}],"collection":[{"href":"https:\/\/sertsc.org.br\/site\/wp-json\/wp\/v2\/posts"}],"about":[{"href":"https:\/\/sertsc.org.br\/site\/wp-json\/wp\/v2\/types\/post"}],"author":[{"embeddable":true,"href":"https:\/\/sertsc.org.br\/site\/wp-json\/wp\/v2\/users\/1"}],"replies":[{"embeddable":true,"href":"https:\/\/sertsc.org.br\/site\/wp-json\/wp\/v2\/comments?post=17773"}],"version-history":[{"count":0,"href":"https:\/\/sertsc.org.br\/site\/wp-json\/wp\/v2\/posts\/17773\/revisions"}],"wp:featuredmedia":[{"embeddable":true,"href":"https:\/\/sertsc.org.br\/site\/wp-json\/"}],"wp:attachment":[{"href":"https:\/\/sertsc.org.br\/site\/wp-json\/wp\/v2\/media?parent=17773"}],"wp:term":[{"taxonomy":"category","embeddable":true,"href":"https:\/\/sertsc.org.br\/site\/wp-json\/wp\/v2\/categories?post=17773"},{"taxonomy":"post_tag","embeddable":true,"href":"https:\/\/sertsc.org.br\/site\/wp-json\/wp\/v2\/tags?post=17773"}],"curies":[{"name":"wp","href":"https:\/\/api.w.org\/{rel}","templated":true}]}}