{"id":17768,"date":"2022-03-17T11:38:58","date_gmt":"2022-03-17T14:38:58","guid":{"rendered":"https:\/\/www.sertsc.org.br\/site\/?p=17768"},"modified":"2022-03-17T11:38:58","modified_gmt":"2022-03-17T14:38:58","slug":"publicada-pela-anatel-lista-de-novas-emissoras-que-migrarao-da-banda-c-para-a-banda-ku","status":"publish","type":"post","link":"https:\/\/sertsc.org.br\/site\/publicada-pela-anatel-lista-de-novas-emissoras-que-migrarao-da-banda-c-para-a-banda-ku\/","title":{"rendered":"Publicada pela Anatel lista de novas emissoras que migrar\u00e3o da banda C para a banda Ku"},"content":{"rendered":"<p>Anatel publicou uma vers\u00e3o atualizada nesta quarta-feira, 16, da lista de emissoras que manifestaram interesse em migrar seu sinal de TV aberta por sat\u00e9lite da banda C para a banda Ku. A libera\u00e7\u00e3o da faixa de 3,5 GHz faz parte da limpeza proposta para que ocorra o uso pelo servi\u00e7o m\u00f3vel 5G.<\/p>\n<p>As emissoras transmitiam canais com sinal de TV aberta recepcionada por meio de antenas parab\u00f3licas na banda C satelital (TVRO), e possuem esta\u00e7\u00f5es licenciadas e apontadas para esta\u00e7\u00e3o espacial que possu\u00edam direito de explora\u00e7\u00e3o de sat\u00e9lite no Brasil na banda C.<\/p>\n<p>A Anatel tamb\u00e9m publicou uma lista complementar de emissoras de TV que n\u00e3o transmitiam canais recebidos por meio de antenas parab\u00f3licas na banda C satelital pelo p\u00fablico em geral, mas que manifestaram interesse na transmiss\u00e3o do sinal de televis\u00e3o aberta e gratuita satelital por meio da banda Ku.<\/p>\n<p>As emissoras enviaram a documenta\u00e7\u00e3o e manifestaram interesse em utilizar a banda Ku para execu\u00e7\u00e3o do sinal de TVRO.<\/p>\n<p>Os custos para os novos kits de banda Ku para os atuais usu\u00e1rios de parab\u00f3licas de baixa renda (inscritos no Cadastro \u00danico) ser\u00e3o pagos pela EAF (Entidade Administradora da Faixa de 3,5 GHz) com recursos do leil\u00e3o do 5G, mas n\u00e3o haver\u00e1 subs\u00eddio para a migra\u00e7\u00e3o das emissoras para os novos sat\u00e9lites.<\/p>\n<p>&nbsp;<\/p>\n<p><img fetchpriority=\"high\" decoding=\"async\" class=\"wp-image-17769 aligncenter\" src=\"https:\/\/www.sertsc.org.br\/site\/wp-content\/uploads\/2022\/03\/Aniversario-email-5-1.png\" alt=\"\" width=\"383\" height=\"256\" \/><\/p>\n<p>Fonte:\u00a0 Teletime https:\/\/teletime.com.br\/16\/03\/2022\/anatel-publica-lista-de-novas-emissoras-que-migrarao-da-banda-c-para-a-banda-ku\/<\/p>\n<p>&nbsp;<\/p>\n","protected":false},"excerpt":{"rendered":"<p>Anatel publicou uma vers\u00e3o atualizada nesta quarta-feira, 16, da lista&hellip;<\/p>\n<p> <a class=\"more-link\" href=\"https:\/\/sertsc.org.br\/site\/publicada-pela-anatel-lista-de-novas-emissoras-que-migrarao-da-banda-c-para-a-banda-ku\/\">Leia mais<\/a><\/p>\n","protected":false},"author":1,"featured_media":17769,"comment_status":"open","ping_status":"open","sticky":false,"template":"","format":"standard","meta":{"footnotes":""},"categories":[33,3],"tags":[],"class_list":{"0":"post-17768","1":"post","2":"type-post","3":"status-publish","4":"format-standard","5":"has-post-thumbnail","7":"category-destaques","8":"category-noticias"},"_links":{"self":[{"href":"https:\/\/sertsc.org.br\/site\/wp-json\/wp\/v2\/posts\/17768","targetHints":{"allow":["GET"]}}],"collection":[{"href":"https:\/\/sertsc.org.br\/site\/wp-json\/wp\/v2\/posts"}],"about":[{"href":"https:\/\/sertsc.org.br\/site\/wp-json\/wp\/v2\/types\/post"}],"author":[{"embeddable":true,"href":"https:\/\/sertsc.org.br\/site\/wp-json\/wp\/v2\/users\/1"}],"replies":[{"embeddable":true,"href":"https:\/\/sertsc.org.br\/site\/wp-json\/wp\/v2\/comments?post=17768"}],"version-history":[{"count":0,"href":"https:\/\/sertsc.org.br\/site\/wp-json\/wp\/v2\/posts\/17768\/revisions"}],"wp:featuredmedia":[{"embeddable":true,"href":"https:\/\/sertsc.org.br\/site\/wp-json\/"}],"wp:attachment":[{"href":"https:\/\/sertsc.org.br\/site\/wp-json\/wp\/v2\/media?parent=17768"}],"wp:term":[{"taxonomy":"category","embeddable":true,"href":"https:\/\/sertsc.org.br\/site\/wp-json\/wp\/v2\/categories?post=17768"},{"taxonomy":"post_tag","embeddable":true,"href":"https:\/\/sertsc.org.br\/site\/wp-json\/wp\/v2\/tags?post=17768"}],"curies":[{"name":"wp","href":"https:\/\/api.w.org\/{rel}","templated":true}]}}