{"id":17760,"date":"2022-03-17T08:32:50","date_gmt":"2022-03-17T11:32:50","guid":{"rendered":"https:\/\/www.sertsc.org.br\/site\/?p=17760"},"modified":"2022-03-17T08:32:50","modified_gmt":"2022-03-17T11:32:50","slug":"17760-2","status":"publish","type":"post","link":"https:\/\/sertsc.org.br\/site\/17760-2\/","title":{"rendered":"SERT\/SC e ACAERT em encontro com governador Mois\u00e9s"},"content":{"rendered":"<p>&nbsp;<\/p>\n<p>Nesta quarta-feira SERT e ACAERT participaram de um encontro com o governador Carlos Mois\u00e9s, na Casa da Agron\u00f4mica, em Florian\u00f3polis.<\/p>\n<p>Estavam presentes Humberto Ohf de Andrade, presidente do SERT\/SC, Silvano Silva, presidente da ACAERT, Ranieri Moacir Bertoli, tesoureiro do SERT\/SC, , Carlos Amaral Neto, presidente do Congresso ACAERT, M\u00e1rio Neves \u2013 NSC, Saul Brandalise \u2013 TVBV e Gilberto Kleinubing, diretor Comercial do Grupo ND e o secret\u00e1rio de Comunica\u00e7\u00e3o, Jo\u00e3o Cavalazzi.<\/p>\n<p>Durante o encontro foi divulgado o primeiro homenageado que receber\u00e1 a Comenda ACAERT este ano: Ranieri Moacir Bertoli. A outorga da Comenda ser\u00e1 no dia 22 de maio, durante cerim\u00f4nia de abertura do 18\u00ba Congresso Catarinense de R\u00e1dio e Televis\u00e3o, no Centrosul, em Florian\u00f3polis. Parab\u00e9ns Ranieri!<\/p>\n<p><img fetchpriority=\"high\" decoding=\"async\" class=\"wp-image-17761 aligncenter\" src=\"https:\/\/www.sertsc.org.br\/site\/wp-content\/uploads\/2022\/03\/WhatsApp-Image-2022-03-17-at-08.27.56-1024x635.jpeg\" alt=\"\" width=\"435\" height=\"270\" \/><\/p>\n","protected":false},"excerpt":{"rendered":"<p>&nbsp; Nesta quarta-feira SERT e ACAERT participaram de um encontro&hellip;<\/p>\n<p> <a class=\"more-link\" href=\"https:\/\/sertsc.org.br\/site\/17760-2\/\">Leia mais<\/a><\/p>\n","protected":false},"author":1,"featured_media":17761,"comment_status":"open","ping_status":"open","sticky":false,"template":"","format":"standard","meta":{"footnotes":""},"categories":[33,3],"tags":[],"class_list":{"0":"post-17760","1":"post","2":"type-post","3":"status-publish","4":"format-standard","5":"has-post-thumbnail","7":"category-destaques","8":"category-noticias"},"_links":{"self":[{"href":"https:\/\/sertsc.org.br\/site\/wp-json\/wp\/v2\/posts\/17760","targetHints":{"allow":["GET"]}}],"collection":[{"href":"https:\/\/sertsc.org.br\/site\/wp-json\/wp\/v2\/posts"}],"about":[{"href":"https:\/\/sertsc.org.br\/site\/wp-json\/wp\/v2\/types\/post"}],"author":[{"embeddable":true,"href":"https:\/\/sertsc.org.br\/site\/wp-json\/wp\/v2\/users\/1"}],"replies":[{"embeddable":true,"href":"https:\/\/sertsc.org.br\/site\/wp-json\/wp\/v2\/comments?post=17760"}],"version-history":[{"count":0,"href":"https:\/\/sertsc.org.br\/site\/wp-json\/wp\/v2\/posts\/17760\/revisions"}],"wp:featuredmedia":[{"embeddable":true,"href":"https:\/\/sertsc.org.br\/site\/wp-json\/"}],"wp:attachment":[{"href":"https:\/\/sertsc.org.br\/site\/wp-json\/wp\/v2\/media?parent=17760"}],"wp:term":[{"taxonomy":"category","embeddable":true,"href":"https:\/\/sertsc.org.br\/site\/wp-json\/wp\/v2\/categories?post=17760"},{"taxonomy":"post_tag","embeddable":true,"href":"https:\/\/sertsc.org.br\/site\/wp-json\/wp\/v2\/tags?post=17760"}],"curies":[{"name":"wp","href":"https:\/\/api.w.org\/{rel}","templated":true}]}}