{"id":17757,"date":"2022-03-16T11:59:49","date_gmt":"2022-03-16T14:59:49","guid":{"rendered":"https:\/\/www.sertsc.org.br\/site\/?p=17757"},"modified":"2022-03-16T11:59:49","modified_gmt":"2022-03-16T14:59:49","slug":"franca-pede-protecao-a-imprensa-na-ucrania","status":"publish","type":"post","link":"https:\/\/sertsc.org.br\/site\/franca-pede-protecao-a-imprensa-na-ucrania\/","title":{"rendered":"Fran\u00e7a pede prote\u00e7\u00e3o \u00e0 imprensa na Ucr\u00e2nia"},"content":{"rendered":"<p>Depois da morte de dois funcion\u00e1rios da emissora de televis\u00e3o americana Fox News e de mais um jornalista ex-colaborador do New York Times, o chefe da diplomacia francesa, Jean-Yves Le Drian, faz apelo para as for\u00e7as armadas e cita o direito internacional humanit\u00e1rio. Os dois rep\u00f3rteres mortos da Fox News faleceram ap\u00f3s o carro que estavam ser alvejado por tiros.<\/p>\n<p><img fetchpriority=\"high\" decoding=\"async\" class=\"wp-image-17758 aligncenter\" src=\"https:\/\/www.sertsc.org.br\/site\/wp-content\/uploads\/2022\/03\/Aniversario-email-2-1.png\" alt=\"\" width=\"356\" height=\"238\" \/><\/p>\n<p>Fonte: CBN https:\/\/cbn.globoradio.globo.com\/media\/audio\/369691\/franca-pede-que-forcas-armadas-protejam-jornalista.htm<\/p>\n","protected":false},"excerpt":{"rendered":"<p>Depois da morte de dois funcion\u00e1rios da emissora de televis\u00e3o&hellip;<\/p>\n<p> <a class=\"more-link\" href=\"https:\/\/sertsc.org.br\/site\/franca-pede-protecao-a-imprensa-na-ucrania\/\">Leia mais<\/a><\/p>\n","protected":false},"author":1,"featured_media":17758,"comment_status":"open","ping_status":"open","sticky":false,"template":"","format":"standard","meta":{"footnotes":""},"categories":[33,3],"tags":[],"class_list":{"0":"post-17757","1":"post","2":"type-post","3":"status-publish","4":"format-standard","5":"has-post-thumbnail","7":"category-destaques","8":"category-noticias"},"_links":{"self":[{"href":"https:\/\/sertsc.org.br\/site\/wp-json\/wp\/v2\/posts\/17757","targetHints":{"allow":["GET"]}}],"collection":[{"href":"https:\/\/sertsc.org.br\/site\/wp-json\/wp\/v2\/posts"}],"about":[{"href":"https:\/\/sertsc.org.br\/site\/wp-json\/wp\/v2\/types\/post"}],"author":[{"embeddable":true,"href":"https:\/\/sertsc.org.br\/site\/wp-json\/wp\/v2\/users\/1"}],"replies":[{"embeddable":true,"href":"https:\/\/sertsc.org.br\/site\/wp-json\/wp\/v2\/comments?post=17757"}],"version-history":[{"count":0,"href":"https:\/\/sertsc.org.br\/site\/wp-json\/wp\/v2\/posts\/17757\/revisions"}],"wp:featuredmedia":[{"embeddable":true,"href":"https:\/\/sertsc.org.br\/site\/wp-json\/"}],"wp:attachment":[{"href":"https:\/\/sertsc.org.br\/site\/wp-json\/wp\/v2\/media?parent=17757"}],"wp:term":[{"taxonomy":"category","embeddable":true,"href":"https:\/\/sertsc.org.br\/site\/wp-json\/wp\/v2\/categories?post=17757"},{"taxonomy":"post_tag","embeddable":true,"href":"https:\/\/sertsc.org.br\/site\/wp-json\/wp\/v2\/tags?post=17757"}],"curies":[{"name":"wp","href":"https:\/\/api.w.org\/{rel}","templated":true}]}}