{"id":17754,"date":"2022-03-15T15:59:04","date_gmt":"2022-03-15T18:59:04","guid":{"rendered":"https:\/\/www.sertsc.org.br\/site\/?p=17754"},"modified":"2022-03-15T15:59:04","modified_gmt":"2022-03-15T18:59:04","slug":"antena-de-radio-torna-torre-eiffel-6-metros-maior","status":"publish","type":"post","link":"https:\/\/sertsc.org.br\/site\/antena-de-radio-torna-torre-eiffel-6-metros-maior\/","title":{"rendered":"Antena de r\u00e1dio torna Torre Eiffel 6 metros maior"},"content":{"rendered":"<p>Torre Eiffel passa a ostentar 330 metros de altura, partir desta ter\u00e7a-feira (15), em virtude da instala\u00e7\u00e3o de uma nova antena de r\u00e1dio de seis metros de comprimento.<\/p>\n<p>&#8220;N\u00e3o deixo de crescer desde 1889! Hoje celebramos um novo cap\u00edtulo hist\u00f3rico: a instala\u00e7\u00e3o de uma nova antena que me faz crescer de 324 metros para 330 metros&#8221;, ressalta uma mensagem na conta do Twitter do monumento.<\/p>\n<p>A opera\u00e7\u00e3o de fixa\u00e7\u00e3o da antena contou com a utiliza\u00e7\u00e3o de um helic\u00f3ptero que posicionou o artefato, toda a manobra levou 15 minutos, embora o mau tempo tenha atrasado em 3 horas a execu\u00e7\u00e3o.<\/p>\n<p>&#8220;\u00c9 um grande orgulho&#8221;, disse \u00e0 imprensa o presidente da empresa gestora SETE, Jean-Fran\u00e7ois Martins, para quem a in\u00e9dita opera\u00e7\u00e3o, realizada com um helic\u00f3ptero, marca a hist\u00f3ria da Torre Eiffel: &#8220;um lugar de experimenta\u00e7\u00e3o tecnol\u00f3gica e cient\u00edfica&#8221;.<\/p>\n<p>A torre idolatrada pelos rom\u00e2nticos foi constru\u00edda pelo arquiteto Gustave Eiffel para a Exposi\u00e7\u00e3o Universal de 1899 e foi, precisamente, sua fun\u00e7\u00e3o como transmissor de r\u00e1dio, em um primeiro momento com fins militares, que o salvou de ser desmontado, acrescentou Martins.<\/p>\n<p>A nova antena foi resultado de uma opera\u00e7\u00e3o que custou um milh\u00e3o de euros (US$ 1,1 milh\u00e3o) e durou cerca de um ano. A nova antena, que permite a toda regi\u00e3o de Paris acessar a r\u00e1dio digital terrestre, pesa 350 quilos, segundo Arnaud Lacaussy, do operador de difus\u00e3o TDF.<\/p>\n<p>A instala\u00e7\u00e3o da antena acontece em meio aos trabalhos de pintura deste s\u00edmbolo de Paris, que vai recuperar um aspecto mais dourado em virtude dos Jogos Ol\u00edmpicos de 2024, a serem realizados na &#8220;Cidade do Amor&#8221;.<\/p>\n<p><img fetchpriority=\"high\" decoding=\"async\" class=\"wp-image-17755 aligncenter\" src=\"https:\/\/www.sertsc.org.br\/site\/wp-content\/uploads\/2022\/03\/Aniversario-email-8.png\" alt=\"\" width=\"502\" height=\"335\" \/><\/p>\n<p>Fonte: Folha de Pernambuco https:\/\/www.folhape.com.br\/noticias\/torre-eiffel-ganha-antena-de-radio-e-cresce-6-metros\/219459\/<\/p>\n","protected":false},"excerpt":{"rendered":"<p>Torre Eiffel passa a ostentar 330 metros de altura, partir&hellip;<\/p>\n<p> <a class=\"more-link\" href=\"https:\/\/sertsc.org.br\/site\/antena-de-radio-torna-torre-eiffel-6-metros-maior\/\">Leia mais<\/a><\/p>\n","protected":false},"author":1,"featured_media":17755,"comment_status":"open","ping_status":"open","sticky":false,"template":"","format":"standard","meta":{"footnotes":""},"categories":[33,3],"tags":[],"class_list":{"0":"post-17754","1":"post","2":"type-post","3":"status-publish","4":"format-standard","5":"has-post-thumbnail","7":"category-destaques","8":"category-noticias"},"_links":{"self":[{"href":"https:\/\/sertsc.org.br\/site\/wp-json\/wp\/v2\/posts\/17754","targetHints":{"allow":["GET"]}}],"collection":[{"href":"https:\/\/sertsc.org.br\/site\/wp-json\/wp\/v2\/posts"}],"about":[{"href":"https:\/\/sertsc.org.br\/site\/wp-json\/wp\/v2\/types\/post"}],"author":[{"embeddable":true,"href":"https:\/\/sertsc.org.br\/site\/wp-json\/wp\/v2\/users\/1"}],"replies":[{"embeddable":true,"href":"https:\/\/sertsc.org.br\/site\/wp-json\/wp\/v2\/comments?post=17754"}],"version-history":[{"count":0,"href":"https:\/\/sertsc.org.br\/site\/wp-json\/wp\/v2\/posts\/17754\/revisions"}],"wp:featuredmedia":[{"embeddable":true,"href":"https:\/\/sertsc.org.br\/site\/wp-json\/"}],"wp:attachment":[{"href":"https:\/\/sertsc.org.br\/site\/wp-json\/wp\/v2\/media?parent=17754"}],"wp:term":[{"taxonomy":"category","embeddable":true,"href":"https:\/\/sertsc.org.br\/site\/wp-json\/wp\/v2\/categories?post=17754"},{"taxonomy":"post_tag","embeddable":true,"href":"https:\/\/sertsc.org.br\/site\/wp-json\/wp\/v2\/tags?post=17754"}],"curies":[{"name":"wp","href":"https:\/\/api.w.org\/{rel}","templated":true}]}}