{"id":17749,"date":"2022-03-15T11:07:38","date_gmt":"2022-03-15T14:07:38","guid":{"rendered":"https:\/\/www.sertsc.org.br\/site\/?p=17749"},"modified":"2022-03-15T11:07:38","modified_gmt":"2022-03-15T14:07:38","slug":"radio-comercial-de-portugal-cria-canal-digital-voltado-a-comunidade-ucraniana","status":"publish","type":"post","link":"https:\/\/sertsc.org.br\/site\/radio-comercial-de-portugal-cria-canal-digital-voltado-a-comunidade-ucraniana\/","title":{"rendered":"R\u00e1dio Comercial de Portugal cria canal digital voltado \u00e0 comunidade ucraniana."},"content":{"rendered":"<p>A popula\u00e7\u00e3o afetada pela guerra tem recebido diferentes servi\u00e7os do r\u00e1dio. A esta\u00e7\u00e3o R\u00e1dio Comercial Ucr\u00e2nia do Grupo Media Capital ser\u00e1 lan\u00e7ada nesta quarta-feira, dia 16, e contar\u00e1 com conte\u00fados em portugu\u00eas e ucraniano. A R\u00e1dio Comercial Portugal \u00e9 uma esta\u00e7\u00e3o tradicional, completou 43 anos no \u00faltimo final de semana e mostra seu engajamento na movimenta\u00e7\u00e3o do r\u00e1dio internacional frente \u00e0 invas\u00e3o militar da R\u00fassia na Ucr\u00e2nia.<\/p>\n<p>&#8220;Pretende ser uma r\u00e1dio solid\u00e1ria e uma ferramenta de apoio \u00e0 integra\u00e7\u00e3o da comunidade ucraniana que j\u00e1 est\u00e1 em Portugal, mas tamb\u00e9m para quem chega e pretende escolher o nosso pa\u00eds como ref\u00fagio\u201d, destaca o comunicado da R\u00e1dio Comercial sobre a cria\u00e7\u00e3o de seu novo canal. \u201cO objetivo passa, tamb\u00e9m, por facultar informa\u00e7\u00e3o regular sobre todos os servi\u00e7os e apoios dispon\u00edveis para os refugiados que chegam ao nosso pa\u00eds&#8221;, complementa o an\u00fancio da esta\u00e7\u00e3o portuguesa.<\/p>\n<p>A esta\u00e7\u00e3o digital especial estar\u00e1 dispon\u00edvel nos canais digitais da R\u00e1dio Comercial, ou seja, pelo portal da emissora na internet e tamb\u00e9m pelo aplicativo da r\u00e1dio portuguesa para dispositivos m\u00f3veis. \u201cAs m\u00fasicas que v\u00e3o passar na emiss\u00e3o da R\u00e1dio Comercial Ucr\u00e2nia foram escolhidas ao pormenor para que a comunidade se sinta em casa e muito bem acolhida\u201d, destaca a emissora no comunicado emitido na \u00faltima sexta-feira (11).<\/p>\n<p>&#8220;A Comercial \u00e9 uma das emissoras mais emblem\u00e1ticas de Portugal. Fala para praticamente todas as camadas da sociedade, ainda que sua programa\u00e7\u00e3o seja bastante jovial. Isso d\u00e1 ainda mais for\u00e7a para a iniciativa. Al\u00e9m disso, emigrar e imigrar s\u00e3o partes fundamentais da hist\u00f3ria do povo portugu\u00eas. Eu posso falar com propriedade sobre isso porque, com muito orgulho, sou luso-descendente. \u00c9 muito bonito, portanto, ver o r\u00e1dio de Portugal demonstrar solidariedade com aqueles que hoje procuram esse pa\u00eds para come\u00e7arem uma nova etapa de suas vidas&#8221;, destaca Fernando Morgado, professor e consultor.<\/p>\n<p>Com 43 anos de opera\u00e7\u00e3o, a R\u00e1dio Comercial \u00e9 uma das principais esta\u00e7\u00f5es de Portugal, controlada pela gigante Media Capital, esta que teve o an\u00fancio de aquisi\u00e7\u00e3o por parte do grupo alem\u00e3o Bauer. Est\u00e3o no mesmo guarda-chuva da Comercial as r\u00e1dios Cidade FM, M80, Smooth FM e Vodafone FM.<\/p>\n<p><img fetchpriority=\"high\" decoding=\"async\" class=\"wp-image-17750 aligncenter\" src=\"https:\/\/www.sertsc.org.br\/site\/wp-content\/uploads\/2022\/03\/Aniversario-email-7.png\" alt=\"\" width=\"560\" height=\"374\" \/><\/p>\n<p>Fonte: Tudo R\u00e1dio https:\/\/tudoradio.com\/noticias\/ver\/27037-guerra-na-ucrania-radio-comercial-estacao-da-grupo-media-capital-cria-estacao-digital-dedicada-a-comunidade-ucraniana<\/p>\n","protected":false},"excerpt":{"rendered":"<p>A popula\u00e7\u00e3o afetada pela guerra tem recebido diferentes servi\u00e7os do&hellip;<\/p>\n<p> <a class=\"more-link\" href=\"https:\/\/sertsc.org.br\/site\/radio-comercial-de-portugal-cria-canal-digital-voltado-a-comunidade-ucraniana\/\">Leia mais<\/a><\/p>\n","protected":false},"author":1,"featured_media":17750,"comment_status":"open","ping_status":"open","sticky":false,"template":"","format":"standard","meta":{"footnotes":""},"categories":[33,3],"tags":[],"class_list":{"0":"post-17749","1":"post","2":"type-post","3":"status-publish","4":"format-standard","5":"has-post-thumbnail","7":"category-destaques","8":"category-noticias"},"_links":{"self":[{"href":"https:\/\/sertsc.org.br\/site\/wp-json\/wp\/v2\/posts\/17749","targetHints":{"allow":["GET"]}}],"collection":[{"href":"https:\/\/sertsc.org.br\/site\/wp-json\/wp\/v2\/posts"}],"about":[{"href":"https:\/\/sertsc.org.br\/site\/wp-json\/wp\/v2\/types\/post"}],"author":[{"embeddable":true,"href":"https:\/\/sertsc.org.br\/site\/wp-json\/wp\/v2\/users\/1"}],"replies":[{"embeddable":true,"href":"https:\/\/sertsc.org.br\/site\/wp-json\/wp\/v2\/comments?post=17749"}],"version-history":[{"count":0,"href":"https:\/\/sertsc.org.br\/site\/wp-json\/wp\/v2\/posts\/17749\/revisions"}],"wp:featuredmedia":[{"embeddable":true,"href":"https:\/\/sertsc.org.br\/site\/wp-json\/"}],"wp:attachment":[{"href":"https:\/\/sertsc.org.br\/site\/wp-json\/wp\/v2\/media?parent=17749"}],"wp:term":[{"taxonomy":"category","embeddable":true,"href":"https:\/\/sertsc.org.br\/site\/wp-json\/wp\/v2\/categories?post=17749"},{"taxonomy":"post_tag","embeddable":true,"href":"https:\/\/sertsc.org.br\/site\/wp-json\/wp\/v2\/tags?post=17749"}],"curies":[{"name":"wp","href":"https:\/\/api.w.org\/{rel}","templated":true}]}}