{"id":17728,"date":"2022-03-11T10:52:21","date_gmt":"2022-03-11T13:52:21","guid":{"rendered":"https:\/\/www.sertsc.org.br\/site\/?p=17728"},"modified":"2022-03-11T10:52:21","modified_gmt":"2022-03-11T13:52:21","slug":"registrada-convencao-coletiva-de-trabalho-2022","status":"publish","type":"post","link":"https:\/\/sertsc.org.br\/site\/registrada-convencao-coletiva-de-trabalho-2022\/","title":{"rendered":"Registrada Conven\u00e7\u00e3o Coletiva de Trabalho 2022"},"content":{"rendered":"<p>O SERT\/SC comunica que a Conven\u00e7\u00e3o Coletiva de Trabalho 2022 (CCT 2022), fechada ap\u00f3s negocia\u00e7\u00e3o com o Sindicato dos Radialistas Profissionais e dos Trabalhadores em Empresas de Santa Catarina \u2013 SINDIR\u00c1DIO\/SC, foi registrada junto \u00e0 Se\u00e7\u00e3o de Rela\u00e7\u00f5es de Trabalho da Superintend\u00eancia Regional do Trabalho e Emprego\/SC.<\/p>\n<p>A CCT 2022 segue anexa.<\/p>\n<p><a href=\"https:\/\/www.sertsc.org.br\/site\/wp-content\/uploads\/2022\/03\/Mediador-Extrato-Convencao-Coletiva.pdf\">Mediador-Extrato-Conven\u00e7\u00e3o-Coletiva<\/a><\/p>\n","protected":false},"excerpt":{"rendered":"<p>O SERT\/SC comunica que a Conven\u00e7\u00e3o Coletiva de Trabalho 2022&hellip;<\/p>\n<p> <a class=\"more-link\" href=\"https:\/\/sertsc.org.br\/site\/registrada-convencao-coletiva-de-trabalho-2022\/\">Leia mais<\/a><\/p>\n","protected":false},"author":1,"featured_media":17729,"comment_status":"open","ping_status":"open","sticky":false,"template":"","format":"standard","meta":{"footnotes":""},"categories":[33,3],"tags":[],"class_list":{"0":"post-17728","1":"post","2":"type-post","3":"status-publish","4":"format-standard","5":"has-post-thumbnail","7":"category-destaques","8":"category-noticias"},"_links":{"self":[{"href":"https:\/\/sertsc.org.br\/site\/wp-json\/wp\/v2\/posts\/17728","targetHints":{"allow":["GET"]}}],"collection":[{"href":"https:\/\/sertsc.org.br\/site\/wp-json\/wp\/v2\/posts"}],"about":[{"href":"https:\/\/sertsc.org.br\/site\/wp-json\/wp\/v2\/types\/post"}],"author":[{"embeddable":true,"href":"https:\/\/sertsc.org.br\/site\/wp-json\/wp\/v2\/users\/1"}],"replies":[{"embeddable":true,"href":"https:\/\/sertsc.org.br\/site\/wp-json\/wp\/v2\/comments?post=17728"}],"version-history":[{"count":0,"href":"https:\/\/sertsc.org.br\/site\/wp-json\/wp\/v2\/posts\/17728\/revisions"}],"wp:featuredmedia":[{"embeddable":true,"href":"https:\/\/sertsc.org.br\/site\/wp-json\/"}],"wp:attachment":[{"href":"https:\/\/sertsc.org.br\/site\/wp-json\/wp\/v2\/media?parent=17728"}],"wp:term":[{"taxonomy":"category","embeddable":true,"href":"https:\/\/sertsc.org.br\/site\/wp-json\/wp\/v2\/categories?post=17728"},{"taxonomy":"post_tag","embeddable":true,"href":"https:\/\/sertsc.org.br\/site\/wp-json\/wp\/v2\/tags?post=17728"}],"curies":[{"name":"wp","href":"https:\/\/api.w.org\/{rel}","templated":true}]}}