{"id":17724,"date":"2022-03-11T09:25:05","date_gmt":"2022-03-11T12:25:05","guid":{"rendered":"https:\/\/www.sertsc.org.br\/site\/?p=17724"},"modified":"2022-03-11T09:25:05","modified_gmt":"2022-03-11T12:25:05","slug":"chamada-de-telemarketing-sem-prefixo-0303-pode-ser-denunciada-pelo-consumidor-a-partir-de-hoje","status":"publish","type":"post","link":"https:\/\/sertsc.org.br\/site\/chamada-de-telemarketing-sem-prefixo-0303-pode-ser-denunciada-pelo-consumidor-a-partir-de-hoje\/","title":{"rendered":"CHAMADA DE TELEMARKETING SEM PREFIXO 0303 PODE SER DENUNCIADA PELO CONSUMIDOR A PARTIR DE HOJE"},"content":{"rendered":"<p>A partir de hoje, 11 de mar\u00e7o, passa a vigorar regra da Anatel que obriga empresas de telemarketing ativo a usar o prefixo 0303 Consumidor pode denunciar abusos \u00e0s operadoras, aos Procons ou \u00e0 Anatel.<\/p>\n<p>O consumidor que receber uma liga\u00e7\u00e3o indesejada de oferta de produtos e servi\u00e7os com n\u00famero iniciado por 9 pode denunciar. Segundo Vin\u00edcius Caram, Superintendente de Outorga e Recursos \u00e0 Presta\u00e7\u00e3o da Anatel, a nova regra \u00e9 v\u00e1lida a todas as empresas, sem exce\u00e7\u00e3o, que recorram ao celular para realizar ofertas.<\/p>\n<p>\u201cHoje, as chamadas que o assinante receber com recurso de numera\u00e7\u00e3o da rede m\u00f3vel come\u00e7ando com 9 e se destinam a telemarketing, pode ser alvo de reclama\u00e7\u00f5es na operadora, no Procon ou Anatel. Se recebermos a reclama\u00e7\u00e3o aqui, vamos fazer apura\u00e7\u00e3o junto \u00e0 prestadora e exigir provid\u00eancias\u201d, pontua Caram.<\/p>\n<p>Ao receber uma liga\u00e7\u00e3o de telemarketing ativo no celular, o aparelho deve mostrar na tela o n\u00famero. Este n\u00famero deve ser iniciado por 0303 para identifica\u00e7\u00e3o f\u00e1cil do consumidor. Caso isso n\u00e3o ocorra e comece com 9, ent\u00e3o \u00e9 pass\u00edvel de den\u00fancia. \u00c9 importante esclarecer que telemarketing ativo se restringe a chamadas para a venda de produtos e servi\u00e7os. J\u00e1 cobran\u00e7as, pedidos de informa\u00e7\u00e3o, alertas e avisos permanecem sem restri\u00e7\u00e3o.<\/p>\n<p>BLOQUEIO<br \/>\nO sistema N\u00e3o Me Perturbe das operadoras a partir de hoje permite o bloqueio de n\u00fameros 0303 para o consumidor que se cadastrar na plataforma, de todos os setores da economia que usem telemarketing ativo. O uso do N\u00e3o Me Perturbe foi solicitado pelas pr\u00f3prias operadoras.<\/p>\n<p>O superintendente refor\u00e7a, por\u00e9m, que a utiliza\u00e7\u00e3o da plataforma deve ser encarada pelas empresas como estrat\u00e9gia preliminar, uma vez que elas n\u00e3o conseguiram implementar um sistema de bloqueio caso a caso mediante pedido do cliente a tempo.<br \/>\n\u201cAs operadoras de telecomunica\u00e7\u00f5es dever\u00e3o desenvolver um plano de bloqueio de curto e m\u00e9dio prazo. J\u00e1 determinei que desenvolvam sistemas pr\u00f3prios e funcionais para o bloqueio de n\u00fameros a cada pedido do cliente\u201d, acrescenta.<\/p>\n<p><img fetchpriority=\"high\" decoding=\"async\" class=\"wp-image-17725 aligncenter\" src=\"https:\/\/www.sertsc.org.br\/site\/wp-content\/uploads\/2022\/03\/Aniversario-email-6.png\" alt=\"\" width=\"518\" height=\"346\" \/><\/p>\n<p>Fonte: Tele S\u00edntese https:\/\/www.telesintese.com.br\/consumidor-pode-denunciar-chamada-de-telemarketing-sem-prefixo-0303-a-partir-de-amanha-11\/<\/p>\n","protected":false},"excerpt":{"rendered":"<p>A partir de hoje, 11 de mar\u00e7o, passa a vigorar&hellip;<\/p>\n<p> <a class=\"more-link\" href=\"https:\/\/sertsc.org.br\/site\/chamada-de-telemarketing-sem-prefixo-0303-pode-ser-denunciada-pelo-consumidor-a-partir-de-hoje\/\">Leia mais<\/a><\/p>\n","protected":false},"author":1,"featured_media":17725,"comment_status":"open","ping_status":"open","sticky":false,"template":"","format":"standard","meta":{"footnotes":""},"categories":[33,3],"tags":[],"class_list":{"0":"post-17724","1":"post","2":"type-post","3":"status-publish","4":"format-standard","5":"has-post-thumbnail","7":"category-destaques","8":"category-noticias"},"_links":{"self":[{"href":"https:\/\/sertsc.org.br\/site\/wp-json\/wp\/v2\/posts\/17724","targetHints":{"allow":["GET"]}}],"collection":[{"href":"https:\/\/sertsc.org.br\/site\/wp-json\/wp\/v2\/posts"}],"about":[{"href":"https:\/\/sertsc.org.br\/site\/wp-json\/wp\/v2\/types\/post"}],"author":[{"embeddable":true,"href":"https:\/\/sertsc.org.br\/site\/wp-json\/wp\/v2\/users\/1"}],"replies":[{"embeddable":true,"href":"https:\/\/sertsc.org.br\/site\/wp-json\/wp\/v2\/comments?post=17724"}],"version-history":[{"count":0,"href":"https:\/\/sertsc.org.br\/site\/wp-json\/wp\/v2\/posts\/17724\/revisions"}],"wp:featuredmedia":[{"embeddable":true,"href":"https:\/\/sertsc.org.br\/site\/wp-json\/"}],"wp:attachment":[{"href":"https:\/\/sertsc.org.br\/site\/wp-json\/wp\/v2\/media?parent=17724"}],"wp:term":[{"taxonomy":"category","embeddable":true,"href":"https:\/\/sertsc.org.br\/site\/wp-json\/wp\/v2\/categories?post=17724"},{"taxonomy":"post_tag","embeddable":true,"href":"https:\/\/sertsc.org.br\/site\/wp-json\/wp\/v2\/tags?post=17724"}],"curies":[{"name":"wp","href":"https:\/\/api.w.org\/{rel}","templated":true}]}}