{"id":17705,"date":"2022-03-10T09:05:10","date_gmt":"2022-03-10T12:05:10","guid":{"rendered":"https:\/\/www.sertsc.org.br\/site\/?p=17705"},"modified":"2022-03-10T09:05:10","modified_gmt":"2022-03-10T12:05:10","slug":"satelites-da-starone-e-sky-sao-indicados-por-emissoras-para-receber-sinais-de-banda-ku","status":"publish","type":"post","link":"https:\/\/sertsc.org.br\/site\/satelites-da-starone-e-sky-sao-indicados-por-emissoras-para-receber-sinais-de-banda-ku\/","title":{"rendered":"Sat\u00e9lites da StarOne e Sky s\u00e3o indicados por emissoras para receber sinais de banda Ku"},"content":{"rendered":"<p>O GAISPI (grupo de acompanhamento que supervisiona a implementa\u00e7\u00e3o das obriga\u00e7\u00f5es da faixa de 3,5 GHz) recebeu das emissoras a indica\u00e7\u00e3o de prefer\u00eancia para utilizar dois sat\u00e9lites para direcionar as transmiss\u00f5es dos sinais de TV aberta em banda Ku. Os dois sat\u00e9lites s\u00e3o: StarOne D2 e o sat\u00e9lite da operadora de TV paga Sky. O fechamento da decis\u00e3o final, todavia, ainda est\u00e1 na depend\u00eancia de uma avalia\u00e7\u00e3o t\u00e9cnica e de uma adequa\u00e7\u00e3o de ambas as plataformas. Essa adequa\u00e7\u00e3o refere-se ao que est\u00e1 no disposto no edital de 5G e est\u00e1 atrelada a uma an\u00e1lise da Anatel, etapa que ainda n\u00e3o foi conclu\u00edda. A reuni\u00e3o para a decis\u00e3o final est\u00e1 agendada para o dia 16 de mar\u00e7o.<\/p>\n<p>O StarOne D2 \u00e9 um sat\u00e9lite da Embratel\/Claro rec\u00e9m lan\u00e7ado e que fica posicionado a 70\u00baW e o uso desta plataforma era tida como certa considerando os contratos j\u00e1 existentes entre as emissoras de TV e a Claro para uso do StarOne C2, onde hoje est\u00e3o os canais transmitidos em banda C. J\u00e1 a Sky, cujo sat\u00e9lite est\u00e1 na posi\u00e7\u00e3o 43\u00baW, entrou no p\u00e1reo no final do ano passado com uma proposta de valor extremamente agressiva junto \u00e0s emissoras, mas a empresa tamb\u00e9m tem um relacionamento com as emissoras de TV porque muitos dos sinais da banda C j\u00e1 s\u00e3o distribu\u00eddos na sua opera\u00e7\u00e3o de TV paga.<\/p>\n<p>A decis\u00e3o das emissoras de TV assume como premissa que todos os canais previstos no edital estar\u00e3o nos dois sat\u00e9lites simultaneamente (ou seja, funcionar\u00e3o de forma redundante) e que ambos ser\u00e3o transmitidos de forma aberta. Ou seja, o fato de ser utilizado o sat\u00e9lite da Sky n\u00e3o significa que o servi\u00e7o ser\u00e1 pago.<\/p>\n<p>Segundo apurou este notici\u00e1rio, a op\u00e7\u00e3o das emissoras por estes dois sat\u00e9lites observou as melhores condi\u00e7\u00f5es econ\u00f4micas para a radiodifus\u00e3o e o cumprimento dos crit\u00e9rios t\u00e9cnicos. Mas a Anatel ainda avaliar\u00e1 se haver\u00e1 impactos significativos do uso de dois sat\u00e9lites t\u00e3o distantes no arco orbital do ponto de vista de custo de apontamento e instala\u00e7\u00e3o, assim como a capacidade real dos dois sat\u00e9lites, vida \u00fatil etc.<\/p>\n<p>Os sinais distribu\u00eddos pelos sat\u00e9lites em banda Ku est\u00e3o abrigando a migra\u00e7\u00e3o dos sinais de TV aberta na banda C. Essa migra\u00e7\u00e3o \u00e9 necess\u00e1ria para evitar riscos de interfer\u00eancias do 5G com a recep\u00e7\u00e3o de TV via antenas parab\u00f3licas. Os benefici\u00e1rios do Cadastro \u00danico que utilizem parab\u00f3licas em banda C receber\u00e3o gratuitamente kits de recep\u00e7\u00e3o em banda Ku. Para os demais usu\u00e1rios, a migra\u00e7\u00e3o acontecer\u00e1 voluntariamente e sem subs\u00eddio p\u00fablico, mas as transmiss\u00f5es dos canais abertos ser\u00e1 interrompida na banda C.<\/p>\n<p><img fetchpriority=\"high\" decoding=\"async\" class=\"wp-image-17706 aligncenter\" src=\"https:\/\/www.sertsc.org.br\/site\/wp-content\/uploads\/2022\/03\/Copia-de-Fotos-1.png\" alt=\"\" width=\"446\" height=\"298\" \/><\/p>\n<p>Fonte: Tela Viva https:\/\/telaviva.com.br\/09\/03\/2022\/emissoras-indicam-satelites-da-starone-e-sky-para-receber-sinais-de-banda-ku\/<\/p>\n","protected":false},"excerpt":{"rendered":"<p>O GAISPI (grupo de acompanhamento que supervisiona a implementa\u00e7\u00e3o das&hellip;<\/p>\n<p> <a class=\"more-link\" href=\"https:\/\/sertsc.org.br\/site\/satelites-da-starone-e-sky-sao-indicados-por-emissoras-para-receber-sinais-de-banda-ku\/\">Leia mais<\/a><\/p>\n","protected":false},"author":1,"featured_media":17706,"comment_status":"open","ping_status":"open","sticky":false,"template":"","format":"standard","meta":{"footnotes":""},"categories":[33,3],"tags":[],"class_list":{"0":"post-17705","1":"post","2":"type-post","3":"status-publish","4":"format-standard","5":"has-post-thumbnail","7":"category-destaques","8":"category-noticias"},"_links":{"self":[{"href":"https:\/\/sertsc.org.br\/site\/wp-json\/wp\/v2\/posts\/17705","targetHints":{"allow":["GET"]}}],"collection":[{"href":"https:\/\/sertsc.org.br\/site\/wp-json\/wp\/v2\/posts"}],"about":[{"href":"https:\/\/sertsc.org.br\/site\/wp-json\/wp\/v2\/types\/post"}],"author":[{"embeddable":true,"href":"https:\/\/sertsc.org.br\/site\/wp-json\/wp\/v2\/users\/1"}],"replies":[{"embeddable":true,"href":"https:\/\/sertsc.org.br\/site\/wp-json\/wp\/v2\/comments?post=17705"}],"version-history":[{"count":0,"href":"https:\/\/sertsc.org.br\/site\/wp-json\/wp\/v2\/posts\/17705\/revisions"}],"wp:featuredmedia":[{"embeddable":true,"href":"https:\/\/sertsc.org.br\/site\/wp-json\/"}],"wp:attachment":[{"href":"https:\/\/sertsc.org.br\/site\/wp-json\/wp\/v2\/media?parent=17705"}],"wp:term":[{"taxonomy":"category","embeddable":true,"href":"https:\/\/sertsc.org.br\/site\/wp-json\/wp\/v2\/categories?post=17705"},{"taxonomy":"post_tag","embeddable":true,"href":"https:\/\/sertsc.org.br\/site\/wp-json\/wp\/v2\/tags?post=17705"}],"curies":[{"name":"wp","href":"https:\/\/api.w.org\/{rel}","templated":true}]}}