{"id":17689,"date":"2022-03-07T10:18:04","date_gmt":"2022-03-07T13:18:04","guid":{"rendered":"https:\/\/www.sertsc.org.br\/site\/?p=17689"},"modified":"2022-03-07T10:18:04","modified_gmt":"2022-03-07T13:18:04","slug":"a-importancia-do-momento-cafe","status":"publish","type":"post","link":"https:\/\/sertsc.org.br\/site\/a-importancia-do-momento-cafe\/","title":{"rendered":"A import\u00e2ncia do \u201cMomento Caf\u00e9\u201d"},"content":{"rendered":"<p>O momento caf\u00e9 pode ser encarado como um preju\u00edzo \u00e0 produtividade ou como um potencializador dela. Quem nunca se sentiu revigorado depois do momento cafezinho na r\u00e1dio? Quem nunca voltou cheio de ideias e planos depois de reorganizar os pensamentos e conversar com os colegas de trabalho?<\/p>\n<p>O caf\u00e9 por si s\u00f3 \u00e9 uma bebida que auxilia na concentra\u00e7\u00e3o e o espa\u00e7o no cotidiano para trocar experi\u00eancias soma para o engajamento dos colaboradores e para o comprometimento em rela\u00e7\u00e3o \u00e0s metas e objetivos da r\u00e1dio.<br \/>\nSaiba um pouco mais sobre os benef\u00edcios do Momento Cafezinho \u00e0 produtividade e tamb\u00e9m \u00e0 comunica\u00e7\u00e3o interpessoal da equipe da r\u00e1dio no artigo do site administradores.com.br<\/p>\n<p>Fonte: https:\/\/administradores.com.br\/noticias\/qual-a-importancia-da-hora-do-cafezinho-em-ambientes-corporativos<br \/>\nVamos come\u00e7ar bem a semana&#8230; Vai um cafezinho a\u00ed?<\/p>\n<p><img fetchpriority=\"high\" decoding=\"async\" class=\"wp-image-17690 aligncenter\" src=\"https:\/\/www.sertsc.org.br\/site\/wp-content\/uploads\/2022\/03\/Fotos-1-1.png\" alt=\"\" width=\"377\" height=\"252\" \/><\/p>\n","protected":false},"excerpt":{"rendered":"<p>O momento caf\u00e9 pode ser encarado como um preju\u00edzo \u00e0&hellip;<\/p>\n<p> <a class=\"more-link\" href=\"https:\/\/sertsc.org.br\/site\/a-importancia-do-momento-cafe\/\">Leia mais<\/a><\/p>\n","protected":false},"author":1,"featured_media":17690,"comment_status":"open","ping_status":"open","sticky":false,"template":"","format":"standard","meta":{"footnotes":""},"categories":[33,3],"tags":[],"class_list":{"0":"post-17689","1":"post","2":"type-post","3":"status-publish","4":"format-standard","5":"has-post-thumbnail","7":"category-destaques","8":"category-noticias"},"_links":{"self":[{"href":"https:\/\/sertsc.org.br\/site\/wp-json\/wp\/v2\/posts\/17689","targetHints":{"allow":["GET"]}}],"collection":[{"href":"https:\/\/sertsc.org.br\/site\/wp-json\/wp\/v2\/posts"}],"about":[{"href":"https:\/\/sertsc.org.br\/site\/wp-json\/wp\/v2\/types\/post"}],"author":[{"embeddable":true,"href":"https:\/\/sertsc.org.br\/site\/wp-json\/wp\/v2\/users\/1"}],"replies":[{"embeddable":true,"href":"https:\/\/sertsc.org.br\/site\/wp-json\/wp\/v2\/comments?post=17689"}],"version-history":[{"count":0,"href":"https:\/\/sertsc.org.br\/site\/wp-json\/wp\/v2\/posts\/17689\/revisions"}],"wp:featuredmedia":[{"embeddable":true,"href":"https:\/\/sertsc.org.br\/site\/wp-json\/"}],"wp:attachment":[{"href":"https:\/\/sertsc.org.br\/site\/wp-json\/wp\/v2\/media?parent=17689"}],"wp:term":[{"taxonomy":"category","embeddable":true,"href":"https:\/\/sertsc.org.br\/site\/wp-json\/wp\/v2\/categories?post=17689"},{"taxonomy":"post_tag","embeddable":true,"href":"https:\/\/sertsc.org.br\/site\/wp-json\/wp\/v2\/tags?post=17689"}],"curies":[{"name":"wp","href":"https:\/\/api.w.org\/{rel}","templated":true}]}}