{"id":17679,"date":"2022-03-03T15:39:00","date_gmt":"2022-03-03T18:39:00","guid":{"rendered":"https:\/\/www.sertsc.org.br\/site\/?p=17679"},"modified":"2022-03-03T15:39:00","modified_gmt":"2022-03-03T18:39:00","slug":"grupos-do-governo-vao-mapear-infraestruturas-criticas-de-telecom-e-radiodifusao","status":"publish","type":"post","link":"https:\/\/sertsc.org.br\/site\/grupos-do-governo-vao-mapear-infraestruturas-criticas-de-telecom-e-radiodifusao\/","title":{"rendered":"Grupos do governo v\u00e3o mapear infraestruturas cr\u00edticas de telecom e radiodifus\u00e3o"},"content":{"rendered":"<p>Gabinete de Seguran\u00e7a Institucional (GSI) editou resolu\u00e7\u00e3o que cria grupos t\u00e9cnicos de seguran\u00e7a para mapear infraestruturas cr\u00edticas, de telecomunica\u00e7\u00f5es, radiodifus\u00e3o e servi\u00e7os postais.<\/p>\n<p>O governo editou nesta sexta-feira, 25, resolu\u00e7\u00e3o do Gabinete de Seguran\u00e7a Institucional (GSI) que cria grupos t\u00e9cnicos de seguran\u00e7a para mapear infraestruturas cr\u00edticas, incluindo telecomunica\u00e7\u00f5es, radiodifus\u00e3o e servi\u00e7os postais. O escopo \u00e9 promover a\u00e7\u00f5es e &#8220;produtos espec\u00edficos&#8221; necess\u00e1rios \u00e0 implementa\u00e7\u00e3o das decis\u00f5es da C\u00e2mara de Rela\u00e7\u00f5es Exteriores e Defesa Nacional do Conselho de Governo, com o desenvolvimento de an\u00e1lises de interdepend\u00eancias de infraestruturas cr\u00edticas.<\/p>\n<p>O grupo t\u00e9cnico espec\u00edfico para a elabora\u00e7\u00e3o do diagn\u00f3stico nacional do setor de telecomunica\u00e7\u00f5es dever\u00e1 elaborar um relat\u00f3rio que ser\u00e1 apresentado \u00e0 C\u00e2mara de Rela\u00e7\u00f5es Exteriores e Defesa Nacional no prazo de um ano ap\u00f3s a efetiva\u00e7\u00e3o da composi\u00e7\u00e3o. O grupo de telecomunica\u00e7\u00f5es ser\u00e1 composto por representantes, titulares e suplentes dos seguintes \u00f3rg\u00e3os e entidades:<\/p>\n<p>* GSI, que o coordenar\u00e1;<br \/>\n* Minist\u00e9rio da Defesa;<br \/>\n* Minist\u00e9rio das Comunica\u00e7\u00f5es;<br \/>\n* Comando da Marinha;<br \/>\n* Comando do Ex\u00e9rcito;<br \/>\n* Comando da Aeron\u00e1utica;<br \/>\n* Anatel; e<br \/>\n* Sindicato Nacional das Empresas de Telefonia e de Servi\u00e7o M\u00f3vel Celular e Pessoal (Conexis Brasil Digital).<\/p>\n<p><img fetchpriority=\"high\" decoding=\"async\" class=\"wp-image-17680 aligncenter\" src=\"https:\/\/www.sertsc.org.br\/site\/wp-content\/uploads\/2022\/03\/Fotos-3.png\" alt=\"\" width=\"425\" height=\"284\" \/><\/p>\n<p>Fonte: Teletime https:\/\/teletime.com.br\/25\/02\/2022\/governo-cria-grupos-para-mapear-infraestruturas-criticas-de-telecom-e-radiodifusao\/<\/p>\n","protected":false},"excerpt":{"rendered":"<p>Gabinete de Seguran\u00e7a Institucional (GSI) editou resolu\u00e7\u00e3o que cria grupos&hellip;<\/p>\n<p> <a class=\"more-link\" href=\"https:\/\/sertsc.org.br\/site\/grupos-do-governo-vao-mapear-infraestruturas-criticas-de-telecom-e-radiodifusao\/\">Leia mais<\/a><\/p>\n","protected":false},"author":1,"featured_media":17680,"comment_status":"open","ping_status":"open","sticky":false,"template":"","format":"standard","meta":{"footnotes":""},"categories":[33,3],"tags":[],"class_list":{"0":"post-17679","1":"post","2":"type-post","3":"status-publish","4":"format-standard","5":"has-post-thumbnail","7":"category-destaques","8":"category-noticias"},"_links":{"self":[{"href":"https:\/\/sertsc.org.br\/site\/wp-json\/wp\/v2\/posts\/17679","targetHints":{"allow":["GET"]}}],"collection":[{"href":"https:\/\/sertsc.org.br\/site\/wp-json\/wp\/v2\/posts"}],"about":[{"href":"https:\/\/sertsc.org.br\/site\/wp-json\/wp\/v2\/types\/post"}],"author":[{"embeddable":true,"href":"https:\/\/sertsc.org.br\/site\/wp-json\/wp\/v2\/users\/1"}],"replies":[{"embeddable":true,"href":"https:\/\/sertsc.org.br\/site\/wp-json\/wp\/v2\/comments?post=17679"}],"version-history":[{"count":0,"href":"https:\/\/sertsc.org.br\/site\/wp-json\/wp\/v2\/posts\/17679\/revisions"}],"wp:featuredmedia":[{"embeddable":true,"href":"https:\/\/sertsc.org.br\/site\/wp-json\/"}],"wp:attachment":[{"href":"https:\/\/sertsc.org.br\/site\/wp-json\/wp\/v2\/media?parent=17679"}],"wp:term":[{"taxonomy":"category","embeddable":true,"href":"https:\/\/sertsc.org.br\/site\/wp-json\/wp\/v2\/categories?post=17679"},{"taxonomy":"post_tag","embeddable":true,"href":"https:\/\/sertsc.org.br\/site\/wp-json\/wp\/v2\/tags?post=17679"}],"curies":[{"name":"wp","href":"https:\/\/api.w.org\/{rel}","templated":true}]}}