{"id":17676,"date":"2022-03-03T15:03:51","date_gmt":"2022-03-03T18:03:51","guid":{"rendered":"https:\/\/www.sertsc.org.br\/site\/?p=17676"},"modified":"2022-03-03T15:03:51","modified_gmt":"2022-03-03T18:03:51","slug":"estacoes-de-radio-de-kiev-veiculam-uma-mesma-programacao-informativa","status":"publish","type":"post","link":"https:\/\/sertsc.org.br\/site\/estacoes-de-radio-de-kiev-veiculam-uma-mesma-programacao-informativa\/","title":{"rendered":"Esta\u00e7\u00f5es de r\u00e1dio de Kiev veiculam uma mesma programa\u00e7\u00e3o informativa"},"content":{"rendered":"<p>O r\u00e1dio tem se apresentado um meio importante para informar a popula\u00e7\u00e3o ucraniana a respeito da situa\u00e7\u00e3o do pa\u00eds ap\u00f3s a invas\u00e3o do ex\u00e9rcito russo, iniciada no \u00faltimo dia 24. Segundo o analisado pelo tudoradio.com, a maioria das esta\u00e7\u00f5es de r\u00e1dio FM de Kiev (capital do pa\u00eds) est\u00e3o executando uma mesma programa\u00e7\u00e3o, independente do grupo de comunica\u00e7\u00e3o que controla os canais. Esse trabalho acontece, embora as esta\u00e7\u00f5es enfrentem significativas dificuldades, como o ataque russo \u00e0 estrutura de r\u00e1dio e TV de Kiev ocorrido na \u00faltima ter\u00e7a-feira (1\u00ba).<\/p>\n<p>A informa\u00e7\u00e3o da unifica\u00e7\u00e3o das grades de r\u00e1dios e TVs com uma programa\u00e7\u00e3o especial sobre a guerra da Ucr\u00e2nia foi originada no \u00faltimo dia 26. O portal ProRadio.org.ua, especializado no segmento, relatou que todas as esta\u00e7\u00f5es de r\u00e1dio atuariam em conjunto com as maiores emissoras de televis\u00e3o do pa\u00eds. \u201cNossa for\u00e7a est\u00e1 na unidade! Todos os grupos de m\u00eddia na Ucr\u00e2nia se unir\u00e3o em uma maratona para fornecer continuamente apenas informa\u00e7\u00f5es confi\u00e1veis e verificadas de fontes confi\u00e1veis. A \u00fanica not\u00edcia. Juntos somos Fortes! Tudo ser\u00e1 Ucr\u00e2nia!\u201d, destaca a reda\u00e7\u00e3o do portal ucraniano.<\/p>\n<p>Esse trabalho em conjunto pode ser conferido atrav\u00e9s do streaming das esta\u00e7\u00f5es. Ao acessar qualquer emissora de Kiev, \u00e9 poss\u00edvel notar que a programa\u00e7\u00e3o \u00e9 a mesma em praticamente todos os canais, inclusive de madrugada. Esta\u00e7\u00f5es famosas e de grande audi\u00eancia, como a NRJ (marca internacional originada na Fran\u00e7a que possui uma rede ucraniana originada da Europa Plus), est\u00e3o seguindo essa uni\u00e3o do setor.<\/p>\n<p>Outro fato importante sobre a presta\u00e7\u00e3o de servi\u00e7o aos ucranianos atrav\u00e9s do r\u00e1dio ocorre atrav\u00e9s da transmiss\u00e3o em ondas m\u00e9dias para atingir \u00e1reas do interior onde a cobertura de r\u00e1dios em FM \u00e9 parcial. Segundo o portal ProRadio.org.ua o servi\u00e7o est\u00e1 dispon\u00edvel nas frequ\u00eancias 549 KHz, 873 kHz e 1404 kHz.<\/p>\n<p>Tamb\u00e9m vale o destaque sobre a manuten\u00e7\u00e3o dos servi\u00e7os de streaming das emissoras de Kiev. Na checagem feita pelo tudoradio.com na \u00faltima ter\u00e7a-feira (1\u00ba), data do ataque a torre de r\u00e1dio e TV, todas as emissoras de FM estavam ativas na internet.<\/p>\n<p>Segundo ag\u00eancias locais, as esta\u00e7\u00f5es que tiveram suas transmiss\u00f5es interrompidas ap\u00f3s o ataque russo j\u00e1 foram restabelecidas. E nesta quinta-feira (3) foi confirmada a morte do rep\u00f3rter cinegrafista Evgeny Sakun, da KievLives, fato ocorrido durante o ataque russo. A informa\u00e7\u00e3o \u00e9 da Organiza\u00e7\u00e3o Rep\u00f3rter Sem Fronteiras e trata-se da primeira morte de um profissional de imprensa na cobertura da guerra na Ucr\u00e2nia.<\/p>\n<p><img fetchpriority=\"high\" decoding=\"async\" class=\"wp-image-17677 aligncenter\" src=\"https:\/\/www.sertsc.org.br\/site\/wp-content\/uploads\/2022\/03\/Fotos-2.png\" alt=\"\" width=\"418\" height=\"280\" \/><\/p>\n<p>Fonte: Tudo R\u00e1dio https:\/\/tudoradio.com\/noticias\/ver\/26976-guerra-na-ucrania-estacoes-de-radio-de-kiev-executam-uma-mesma-programacao<\/p>\n","protected":false},"excerpt":{"rendered":"<p>O r\u00e1dio tem se apresentado um meio importante para informar&hellip;<\/p>\n<p> <a class=\"more-link\" href=\"https:\/\/sertsc.org.br\/site\/estacoes-de-radio-de-kiev-veiculam-uma-mesma-programacao-informativa\/\">Leia mais<\/a><\/p>\n","protected":false},"author":1,"featured_media":17677,"comment_status":"open","ping_status":"open","sticky":false,"template":"","format":"standard","meta":{"footnotes":""},"categories":[33,1,3],"tags":[],"class_list":{"0":"post-17676","1":"post","2":"type-post","3":"status-publish","4":"format-standard","5":"has-post-thumbnail","7":"category-destaques","8":"category-geral","9":"category-noticias"},"_links":{"self":[{"href":"https:\/\/sertsc.org.br\/site\/wp-json\/wp\/v2\/posts\/17676","targetHints":{"allow":["GET"]}}],"collection":[{"href":"https:\/\/sertsc.org.br\/site\/wp-json\/wp\/v2\/posts"}],"about":[{"href":"https:\/\/sertsc.org.br\/site\/wp-json\/wp\/v2\/types\/post"}],"author":[{"embeddable":true,"href":"https:\/\/sertsc.org.br\/site\/wp-json\/wp\/v2\/users\/1"}],"replies":[{"embeddable":true,"href":"https:\/\/sertsc.org.br\/site\/wp-json\/wp\/v2\/comments?post=17676"}],"version-history":[{"count":0,"href":"https:\/\/sertsc.org.br\/site\/wp-json\/wp\/v2\/posts\/17676\/revisions"}],"wp:featuredmedia":[{"embeddable":true,"href":"https:\/\/sertsc.org.br\/site\/wp-json\/"}],"wp:attachment":[{"href":"https:\/\/sertsc.org.br\/site\/wp-json\/wp\/v2\/media?parent=17676"}],"wp:term":[{"taxonomy":"category","embeddable":true,"href":"https:\/\/sertsc.org.br\/site\/wp-json\/wp\/v2\/categories?post=17676"},{"taxonomy":"post_tag","embeddable":true,"href":"https:\/\/sertsc.org.br\/site\/wp-json\/wp\/v2\/tags?post=17676"}],"curies":[{"name":"wp","href":"https:\/\/api.w.org\/{rel}","templated":true}]}}