{"id":17662,"date":"2022-03-02T11:00:40","date_gmt":"2022-03-02T14:00:40","guid":{"rendered":"https:\/\/www.sertsc.org.br\/site\/?p=17662"},"modified":"2022-03-02T11:00:40","modified_gmt":"2022-03-02T14:00:40","slug":"russia-e-ucrania-recebem-apelo-de-associacao-mundial-de-editores-de-noticias-para-protecao-de-jornalistas","status":"publish","type":"post","link":"https:\/\/sertsc.org.br\/site\/russia-e-ucrania-recebem-apelo-de-associacao-mundial-de-editores-de-noticias-para-protecao-de-jornalistas\/","title":{"rendered":"R\u00fassia e Ucr\u00e2nia recebem apelo de Associa\u00e7\u00e3o Mundial de Editores de Not\u00edcias para prote\u00e7\u00e3o de jornalistas"},"content":{"rendered":"<p>A associa\u00e7\u00e3o ressalta que os dois pa\u00edses assinaram um acordo internacional de garantia de direitos humanos e de liberdade de express\u00e3o.<\/p>\n<p>Em nota publicada em ingl\u00eas na \u00faltima quinta-feira, dia 24 de fevereiro, a Wan-Infra (Associa\u00e7\u00e3o Mundial de Editores de Not\u00edcias) cobrou de R\u00fassia e Ucr\u00e2nia a\u00e7\u00f5es de seguran\u00e7a \u00e0 imprensa atuante na cobertura do confronto armado. A entidade internacional salientou que civis e jornalistas n\u00e3o podem ser tratados como combatentes.<\/p>\n<p>Na publica\u00e7\u00e3o feita no site da Wan-Infra, o CEO da associa\u00e7\u00e3o, Vincent Peyr\u00e8gne, destacou aos l\u00edderes da R\u00fassia e da Ucr\u00e2nia que ataques \u00e0 imprensa s\u00e3o ilegais. Isso porque os dois pa\u00edses assinaram o Pacto Internacional sobre Direitos Civis e Pol\u00edticos (PIDCP), documento da Assembl\u00e9ia Geral das Na\u00e7\u00f5es Unidas que prev\u00ea, entre outras quest\u00f5es, o compromisso com a liberdade de express\u00e3o e de imprensa.<\/p>\n<p>\u201cNeste momento extremamente perigoso, pedimos a todas as partes deste conflito crescente que fa\u00e7am tudo o que estiver ao seu alcance para priorizar a seguran\u00e7a dos jornalistas e respeitar o papel da imprensa\u201d, disse o CEO \u00e0 reda\u00e7\u00e3o da Associa\u00e7\u00e3o Mundial de Editores de Not\u00edcias.<\/p>\n<p>Peyr\u00e8gne citou, ainda, a relev\u00e2ncia do papel jornal\u00edstico para a prote\u00e7\u00e3o da sociedade, especialmente em momentos de conflitos. \u201cLembramos a todas as partes deste conflito a necessidade de manter os canais de informa\u00e7\u00e3o abertos e confi\u00e1veis \u200b\u200bpara que o p\u00fablico permane\u00e7a informado. Esta \u00e9 simplesmente uma quest\u00e3o de proteger vidas\u201d, declarou ao site da entidade. O texto termina em manifesta\u00e7\u00e3o de solidariedade ao povo da Ucr\u00e2nia.<\/p>\n<p>&nbsp;<\/p>\n<p><img fetchpriority=\"high\" decoding=\"async\" class=\"wp-image-17663 aligncenter\" src=\"https:\/\/www.sertsc.org.br\/site\/wp-content\/uploads\/2022\/03\/Fotos-12.png\" alt=\"\" width=\"431\" height=\"288\" \/><\/p>\n<p>Fonte: Portal Comuniqui-se https:\/\/portal.comunique-se.com.br\/entidade-pede-que-russia-e-ucrania-protejam-jornalistas\/<\/p>\n","protected":false},"excerpt":{"rendered":"<p>A associa\u00e7\u00e3o ressalta que os dois pa\u00edses assinaram um acordo&hellip;<\/p>\n<p> <a class=\"more-link\" href=\"https:\/\/sertsc.org.br\/site\/russia-e-ucrania-recebem-apelo-de-associacao-mundial-de-editores-de-noticias-para-protecao-de-jornalistas\/\">Leia mais<\/a><\/p>\n","protected":false},"author":1,"featured_media":17663,"comment_status":"open","ping_status":"open","sticky":false,"template":"","format":"standard","meta":{"footnotes":""},"categories":[33,1,3],"tags":[],"class_list":{"0":"post-17662","1":"post","2":"type-post","3":"status-publish","4":"format-standard","5":"has-post-thumbnail","7":"category-destaques","8":"category-geral","9":"category-noticias"},"_links":{"self":[{"href":"https:\/\/sertsc.org.br\/site\/wp-json\/wp\/v2\/posts\/17662","targetHints":{"allow":["GET"]}}],"collection":[{"href":"https:\/\/sertsc.org.br\/site\/wp-json\/wp\/v2\/posts"}],"about":[{"href":"https:\/\/sertsc.org.br\/site\/wp-json\/wp\/v2\/types\/post"}],"author":[{"embeddable":true,"href":"https:\/\/sertsc.org.br\/site\/wp-json\/wp\/v2\/users\/1"}],"replies":[{"embeddable":true,"href":"https:\/\/sertsc.org.br\/site\/wp-json\/wp\/v2\/comments?post=17662"}],"version-history":[{"count":0,"href":"https:\/\/sertsc.org.br\/site\/wp-json\/wp\/v2\/posts\/17662\/revisions"}],"wp:featuredmedia":[{"embeddable":true,"href":"https:\/\/sertsc.org.br\/site\/wp-json\/"}],"wp:attachment":[{"href":"https:\/\/sertsc.org.br\/site\/wp-json\/wp\/v2\/media?parent=17662"}],"wp:term":[{"taxonomy":"category","embeddable":true,"href":"https:\/\/sertsc.org.br\/site\/wp-json\/wp\/v2\/categories?post=17662"},{"taxonomy":"post_tag","embeddable":true,"href":"https:\/\/sertsc.org.br\/site\/wp-json\/wp\/v2\/tags?post=17662"}],"curies":[{"name":"wp","href":"https:\/\/api.w.org\/{rel}","templated":true}]}}