{"id":17651,"date":"2022-02-25T11:10:53","date_gmt":"2022-02-25T14:10:53","guid":{"rendered":"https:\/\/www.sertsc.org.br\/site\/?p=17651"},"modified":"2022-02-25T11:10:53","modified_gmt":"2022-02-25T14:10:53","slug":"ministro-das-comunicacoes-destaca-leilao-do-5g-em-evento","status":"publish","type":"post","link":"https:\/\/sertsc.org.br\/site\/ministro-das-comunicacoes-destaca-leilao-do-5g-em-evento\/","title":{"rendered":"Ministro das Comunica\u00e7\u00f5es destaca leil\u00e3o do 5G em evento"},"content":{"rendered":"<p>Durante participa\u00e7\u00e3o no CEO Conference 2022, nesta quarta-feira, dia 23 de fevereiro, F\u00e1bio Faria (ministro das Comunica\u00e7\u00f5es) salientou o sucesso do leil\u00e3o do 5G. O ministro destacou que desde quando assumiu o cargo dentre suas prioridades estava a concretiza\u00e7\u00e3o do leil\u00e3o. F\u00e1bio Faria pontuou o perfil n\u00e3o arrecadat\u00f3rio do leil\u00e3o do 5G, \u201cque destinou grande parte dos R$ 47 bilh\u00f5es captados para investimentos em conectividade no Brasil\u201d. Entre as obriga\u00e7\u00f5es previstas no certame, ele citou o \u201cNorte Conectado, que j\u00e1 come\u00e7ou a lan\u00e7ar um cabo de fibra \u00f3ptica subfluvial, ou seja, sem derrubar uma \u00e1rvore sequer, e ir\u00e1 conectar mais de 10 milh\u00f5es de pessoas na regi\u00e3o Amaz\u00f4nica&#8221;, ressaltou.<\/p>\n<p>REVOLU\u00c7\u00c3O EM CADEIA \u2013 Respondendo pergunta sobre os efeitos do leil\u00e3o na economia, o ministro detalhou que a quinta gera\u00e7\u00e3o de redes m\u00f3veis &#8220;tem impacto transversal em diversos setores, como o agroneg\u00f3cio, que poder\u00e1 criar fazendas inteligentes, reduzindo o desperd\u00edcio e aumentando a produtividade&#8221;. Ele indicou que toda a cadeia produtiva ter\u00e1 impacto, visto que, entre as obriga\u00e7\u00f5es previstas no edital do leil\u00e3o, est\u00e1 a cobertura com padr\u00e3o m\u00ednimo de 4G em todas as rodovias federais.<\/p>\n<p>Na \u00e1rea da medicina, ele salientou que &#8220;um paciente em Pau dos Ferros (RN) poder\u00e1 ser operado por um m\u00e9dico em S\u00e3o Paulo ou at\u00e9 mesmo em Israel\u201d. Ele tamb\u00e9m exemplificou casos nas \u00e1reas da educa\u00e7\u00e3o, varejo e meio ambiente, que contar\u00e1 com drones e sat\u00e9lites para monitorar a conserva\u00e7\u00e3o das florestas em tempo real, principalmente na regi\u00e3o Amaz\u00f4nica.<\/p>\n<p>Faria refor\u00e7ou que as operadoras vencedoras do leil\u00e3o seguir\u00e3o um cronograma estabelecido no edital para implementar o 5G em &#8220;todos os munic\u00edpios do pa\u00eds, inclusive comunidades ind\u00edgenas e quilombolas, que receber\u00e3o um padr\u00e3o m\u00ednimo de internet com alta velocidade&#8221;. &#8220;O prazo para que as 27 capitais recebam a tecnologia \u00e9 em julho desse ano&#8221;, explicou.<\/p>\n<p>PR\u00d3XIMOS PASSOS \u2013 Para o ministro, al\u00e9m da necessidade do investimento em infraestrutura para operacionalizar o 5G, ser\u00e1 necess\u00e1rio capacitar para reparar toda uma gera\u00e7\u00e3o para o futuro. &#8220;Para isso, vamos conectar mais 14 mil escolas at\u00e9 o final do ano&#8221;, garantiu ao referir-se ao programa Wi-Fi Brasil, que j\u00e1 instalou 15 mil pontos em todo o pa\u00eds, sendo quase 10 mil em escolas p\u00fablicas.<\/p>\n<p>&#8220;O Brasil precisa se tornar um hub de inova\u00e7\u00e3o, vamos atrair empresas no exterior para investirem aqui, colocando o Brasil na ponta da economia digital&#8221;, concluiu F\u00e1bio Faria.<\/p>\n<p><img fetchpriority=\"high\" decoding=\"async\" class=\"wp-image-17652 aligncenter\" src=\"https:\/\/www.sertsc.org.br\/site\/wp-content\/uploads\/2022\/02\/Fotos-10.png\" alt=\"\" width=\"509\" height=\"340\" \/><\/p>\n<p>&nbsp;<\/p>\n<p>Fonte: Minist\u00e9rio das Comunica\u00e7\u00f5es https:\/\/www.gov.br\/mcom\/pt-br\/noticias\/2022\/fevereiro\/ministro-das-comunicacoes-destaca-5g-em-conferencia-do-mercado-financeiro#:~:text=Ministro%20das%20Comunica%C3%A7%C3%B5es%20destaca%205G%20em%20confer%C3%AAncia%20do%20mercado%20financeiro,-Evento%20organizado%20pela&amp;text=O%20ministro%20das%20Comunica%C3%A7%C3%B5es%2C%20F%C3%A1bio,em%20S%C3%A3o%20Paulo%20(SP)<\/p>\n","protected":false},"excerpt":{"rendered":"<p>Durante participa\u00e7\u00e3o no CEO Conference 2022, nesta quarta-feira, dia 23&hellip;<\/p>\n<p> <a class=\"more-link\" href=\"https:\/\/sertsc.org.br\/site\/ministro-das-comunicacoes-destaca-leilao-do-5g-em-evento\/\">Leia mais<\/a><\/p>\n","protected":false},"author":1,"featured_media":17652,"comment_status":"open","ping_status":"open","sticky":false,"template":"","format":"standard","meta":{"footnotes":""},"categories":[33,3],"tags":[],"class_list":{"0":"post-17651","1":"post","2":"type-post","3":"status-publish","4":"format-standard","5":"has-post-thumbnail","7":"category-destaques","8":"category-noticias"},"_links":{"self":[{"href":"https:\/\/sertsc.org.br\/site\/wp-json\/wp\/v2\/posts\/17651","targetHints":{"allow":["GET"]}}],"collection":[{"href":"https:\/\/sertsc.org.br\/site\/wp-json\/wp\/v2\/posts"}],"about":[{"href":"https:\/\/sertsc.org.br\/site\/wp-json\/wp\/v2\/types\/post"}],"author":[{"embeddable":true,"href":"https:\/\/sertsc.org.br\/site\/wp-json\/wp\/v2\/users\/1"}],"replies":[{"embeddable":true,"href":"https:\/\/sertsc.org.br\/site\/wp-json\/wp\/v2\/comments?post=17651"}],"version-history":[{"count":0,"href":"https:\/\/sertsc.org.br\/site\/wp-json\/wp\/v2\/posts\/17651\/revisions"}],"wp:featuredmedia":[{"embeddable":true,"href":"https:\/\/sertsc.org.br\/site\/wp-json\/"}],"wp:attachment":[{"href":"https:\/\/sertsc.org.br\/site\/wp-json\/wp\/v2\/media?parent=17651"}],"wp:term":[{"taxonomy":"category","embeddable":true,"href":"https:\/\/sertsc.org.br\/site\/wp-json\/wp\/v2\/categories?post=17651"},{"taxonomy":"post_tag","embeddable":true,"href":"https:\/\/sertsc.org.br\/site\/wp-json\/wp\/v2\/tags?post=17651"}],"curies":[{"name":"wp","href":"https:\/\/api.w.org\/{rel}","templated":true}]}}