{"id":17648,"date":"2022-02-25T09:44:34","date_gmt":"2022-02-25T12:44:34","guid":{"rendered":"https:\/\/www.sertsc.org.br\/site\/?p=17648"},"modified":"2022-02-25T09:44:34","modified_gmt":"2022-02-25T12:44:34","slug":"ministerio-das-comunicacoes-completa-55-anos","status":"publish","type":"post","link":"https:\/\/sertsc.org.br\/site\/ministerio-das-comunicacoes-completa-55-anos\/","title":{"rendered":"Minist\u00e9rio das Comunica\u00e7\u00f5es completa 55 Anos"},"content":{"rendered":"<p>O Minist\u00e9rio das Comunica\u00e7\u00f5es nasceu em 25 de fevereiro de 1967. \u00c9 um \u00f3rg\u00e3o do Governo Federal que tem como atribui\u00e7\u00e3o regular os servi\u00e7os de radiodifus\u00e3o, servi\u00e7os postais, telecomunica\u00e7\u00f5es e entidades relacionadas. Cabe ao MCom tamb\u00e9m administrar as pol\u00edticas nacionais que envolvam comunica\u00e7\u00e3o.<\/p>\n<p>Este \u00f3rg\u00e3o chegou a deixar de existir isoladamente em 2016, quando foi alocado como parte integrante do Minist\u00e9rio da Ci\u00eancia, Tecnologia, Inova\u00e7\u00f5es e Comunica\u00e7\u00e3o. Em junho de 2020, todavia, o Minist\u00e9rio das Comunica\u00e7\u00f5es voltou a ser um \u00f3rg\u00e3o independente.<\/p>\n<p><img fetchpriority=\"high\" decoding=\"async\" class=\"wp-image-17649 aligncenter\" src=\"https:\/\/www.sertsc.org.br\/site\/wp-content\/uploads\/2022\/02\/Fotos-9.png\" alt=\"\" width=\"505\" height=\"337\" \/><\/p>\n","protected":false},"excerpt":{"rendered":"<p>O Minist\u00e9rio das Comunica\u00e7\u00f5es nasceu em 25 de fevereiro de&hellip;<\/p>\n<p> <a class=\"more-link\" href=\"https:\/\/sertsc.org.br\/site\/ministerio-das-comunicacoes-completa-55-anos\/\">Leia mais<\/a><\/p>\n","protected":false},"author":1,"featured_media":17649,"comment_status":"open","ping_status":"open","sticky":false,"template":"","format":"standard","meta":{"footnotes":""},"categories":[33,3],"tags":[],"class_list":{"0":"post-17648","1":"post","2":"type-post","3":"status-publish","4":"format-standard","5":"has-post-thumbnail","7":"category-destaques","8":"category-noticias"},"_links":{"self":[{"href":"https:\/\/sertsc.org.br\/site\/wp-json\/wp\/v2\/posts\/17648","targetHints":{"allow":["GET"]}}],"collection":[{"href":"https:\/\/sertsc.org.br\/site\/wp-json\/wp\/v2\/posts"}],"about":[{"href":"https:\/\/sertsc.org.br\/site\/wp-json\/wp\/v2\/types\/post"}],"author":[{"embeddable":true,"href":"https:\/\/sertsc.org.br\/site\/wp-json\/wp\/v2\/users\/1"}],"replies":[{"embeddable":true,"href":"https:\/\/sertsc.org.br\/site\/wp-json\/wp\/v2\/comments?post=17648"}],"version-history":[{"count":0,"href":"https:\/\/sertsc.org.br\/site\/wp-json\/wp\/v2\/posts\/17648\/revisions"}],"wp:featuredmedia":[{"embeddable":true,"href":"https:\/\/sertsc.org.br\/site\/wp-json\/"}],"wp:attachment":[{"href":"https:\/\/sertsc.org.br\/site\/wp-json\/wp\/v2\/media?parent=17648"}],"wp:term":[{"taxonomy":"category","embeddable":true,"href":"https:\/\/sertsc.org.br\/site\/wp-json\/wp\/v2\/categories?post=17648"},{"taxonomy":"post_tag","embeddable":true,"href":"https:\/\/sertsc.org.br\/site\/wp-json\/wp\/v2\/tags?post=17648"}],"curies":[{"name":"wp","href":"https:\/\/api.w.org\/{rel}","templated":true}]}}