{"id":17639,"date":"2022-02-24T11:36:39","date_gmt":"2022-02-24T14:36:39","guid":{"rendered":"https:\/\/www.sertsc.org.br\/site\/?p=17639"},"modified":"2022-02-24T11:36:39","modified_gmt":"2022-02-24T14:36:39","slug":"divulgada-consulta-publica-da-anatel-sobre-canais-de-tv-e-fm","status":"publish","type":"post","link":"https:\/\/sertsc.org.br\/site\/divulgada-consulta-publica-da-anatel-sobre-canais-de-tv-e-fm\/","title":{"rendered":"Divulgada consulta p\u00fablica da Anatel sobre canais de TV e FM"},"content":{"rendered":"<p>A Ag\u00eancia Nacional de Telecomunica\u00e7\u00f5es (Anatel) receber\u00e1 at\u00e9 o dia 28 de fevereiro contribui\u00e7\u00f5es a respeito da proposta de Altera\u00e7\u00e3o nos Planos B\u00e1sicos de Distribui\u00e7\u00e3o de Canais de Radiodifus\u00e3o.<\/p>\n<p>Vinicius Caram, Superintendente de Outorga e Recursos \u00e0 Presta\u00e7\u00e3o, salienta que \u201cas propostas de inclus\u00e3o e de altera\u00e7\u00e3o de canais em Planos B\u00e1sicos visam t\u00e3o somente avaliar a viabilidade t\u00e9cnica de canais de Radiodifus\u00e3o, que, ou j\u00e1 foram outorgados, ou ser\u00e3o objeto de novas outorgas a serem realizadas pelo Minist\u00e9rio das Comunica\u00e7\u00f5es. Consequentemente, o que se pretende com esta Consulta P\u00fablica \u00e9 simplesmente verificar se as altera\u00e7\u00f5es propostas provocam interfer\u00eancia em canais de outros prestadores de servi\u00e7o, que, nesse caso, devem se manifestar\u201d.<\/p>\n<p><img fetchpriority=\"high\" decoding=\"async\" class=\"wp-image-17640 aligncenter\" src=\"https:\/\/www.sertsc.org.br\/site\/wp-content\/uploads\/2022\/02\/WhatsApp-Image-2022-02-24-at-11.34.11-1024x790.jpeg\" alt=\"\" width=\"496\" height=\"383\" \/><\/p>\n<p>Fonte: Abratel https:\/\/abratel.org.br\/noticias\/anatel-divulga-consulta-publica-sobre-canais-de-tv-e-fm\/<\/p>\n","protected":false},"excerpt":{"rendered":"<p>A Ag\u00eancia Nacional de Telecomunica\u00e7\u00f5es (Anatel) receber\u00e1 at\u00e9 o dia&hellip;<\/p>\n<p> <a class=\"more-link\" href=\"https:\/\/sertsc.org.br\/site\/divulgada-consulta-publica-da-anatel-sobre-canais-de-tv-e-fm\/\">Leia mais<\/a><\/p>\n","protected":false},"author":1,"featured_media":17640,"comment_status":"open","ping_status":"open","sticky":false,"template":"","format":"standard","meta":{"footnotes":""},"categories":[33,3],"tags":[],"class_list":{"0":"post-17639","1":"post","2":"type-post","3":"status-publish","4":"format-standard","5":"has-post-thumbnail","7":"category-destaques","8":"category-noticias"},"_links":{"self":[{"href":"https:\/\/sertsc.org.br\/site\/wp-json\/wp\/v2\/posts\/17639","targetHints":{"allow":["GET"]}}],"collection":[{"href":"https:\/\/sertsc.org.br\/site\/wp-json\/wp\/v2\/posts"}],"about":[{"href":"https:\/\/sertsc.org.br\/site\/wp-json\/wp\/v2\/types\/post"}],"author":[{"embeddable":true,"href":"https:\/\/sertsc.org.br\/site\/wp-json\/wp\/v2\/users\/1"}],"replies":[{"embeddable":true,"href":"https:\/\/sertsc.org.br\/site\/wp-json\/wp\/v2\/comments?post=17639"}],"version-history":[{"count":0,"href":"https:\/\/sertsc.org.br\/site\/wp-json\/wp\/v2\/posts\/17639\/revisions"}],"wp:featuredmedia":[{"embeddable":true,"href":"https:\/\/sertsc.org.br\/site\/wp-json\/"}],"wp:attachment":[{"href":"https:\/\/sertsc.org.br\/site\/wp-json\/wp\/v2\/media?parent=17639"}],"wp:term":[{"taxonomy":"category","embeddable":true,"href":"https:\/\/sertsc.org.br\/site\/wp-json\/wp\/v2\/categories?post=17639"},{"taxonomy":"post_tag","embeddable":true,"href":"https:\/\/sertsc.org.br\/site\/wp-json\/wp\/v2\/tags?post=17639"}],"curies":[{"name":"wp","href":"https:\/\/api.w.org\/{rel}","templated":true}]}}