{"id":17629,"date":"2022-02-22T16:20:47","date_gmt":"2022-02-22T19:20:47","guid":{"rendered":"https:\/\/www.sertsc.org.br\/site\/?p=17629"},"modified":"2022-02-22T16:20:47","modified_gmt":"2022-02-22T19:20:47","slug":"neste-sabado-inicia-a-propaganda-partidaria-nacional","status":"publish","type":"post","link":"https:\/\/sertsc.org.br\/site\/neste-sabado-inicia-a-propaganda-partidaria-nacional\/","title":{"rendered":"Neste s\u00e1bado inicia a Propaganda partid\u00e1ria nacional"},"content":{"rendered":"<p>A propaganda partid\u00e1ria gratuita em r\u00e1dio e televis\u00e3o em \u00e2mbito nacional inicia neste s\u00e1bado, 26. O Partido Socialismo e Liberdade (PSOL) ser\u00e1 o primeiro a veicular o an\u00fancio. Nos dias 1\u00ba e 10 de mar\u00e7o, ser\u00e1 a vez das propagandas do Partido Democr\u00e1tico Trabalhista (PDT) e do Movimento Democr\u00e1tico Brasileiro (MDB), respectivamente.<\/p>\n<p>A propaganda das siglas havia sido extinta em 2017, mas foi retomada por uma lei aprovada pelo Congresso Nacional e sancionada pelo presidente Jair Bolsonaro.<\/p>\n<p>Segundo a resolu\u00e7\u00e3o, as propagandas em \u00e2mbito nacional ser\u00e3o veiculadas das 19h30 \u00e0s 22h30, \u00e0s ter\u00e7as-feiras, \u00e0s quintas-feiras e aos s\u00e1bados. Nos estados, as exibi\u00e7\u00f5es ocorrer\u00e3o nas segundas, quartas e sextas-feiras. Ao todo, ser\u00e3o 305 minutos de propaganda em rede nacional divididos entre 23 legendas. Partidos como PT, MDB, PL e PSDB ter\u00e3o acesso ao maior tempo de exposi\u00e7\u00e3o: 20 minutos e 40 inser\u00e7\u00f5es para cada um.<\/p>\n<p>A propaganda partid\u00e1ria \u00e9 diferente da propagando eleitoral. A partid\u00e1ria tem como finalidade difundir e transmitir mensagens aos filiados sobre a execu\u00e7\u00e3o do programa da legenda, bem como divulgar as atividades congressuais do partido e a posi\u00e7\u00e3o em rela\u00e7\u00e3o a temas pol\u00edticos e a\u00e7\u00f5es da sociedade civil.<\/p>\n<p>J\u00e1 a propaganda eleitoral, que come\u00e7a a ser veiculada em agosto, busca, por meio das ferramentas publicit\u00e1rias permitidas na legisla\u00e7\u00e3o eleitoral, influenciar no processo decis\u00e3o do eleitorado. O objetivo \u00e9 conquistar o voto do eleitor.<\/p>\n<p><img fetchpriority=\"high\" decoding=\"async\" class=\"wp-image-17630 aligncenter\" src=\"https:\/\/www.sertsc.org.br\/site\/wp-content\/uploads\/2022\/02\/FEED-2-1024x1024.png\" alt=\"\" width=\"354\" height=\"354\" \/><\/p>\n<p>Fonte: Portal Makingof https:\/\/portalmakingof.com.br\/propaganda-partidaria-nacional-comeca-neste-sabado<\/p>\n","protected":false},"excerpt":{"rendered":"<p>A propaganda partid\u00e1ria gratuita em r\u00e1dio e televis\u00e3o em \u00e2mbito&hellip;<\/p>\n<p> <a class=\"more-link\" href=\"https:\/\/sertsc.org.br\/site\/neste-sabado-inicia-a-propaganda-partidaria-nacional\/\">Leia mais<\/a><\/p>\n","protected":false},"author":1,"featured_media":17630,"comment_status":"open","ping_status":"open","sticky":false,"template":"","format":"standard","meta":{"footnotes":""},"categories":[33,3],"tags":[],"class_list":{"0":"post-17629","1":"post","2":"type-post","3":"status-publish","4":"format-standard","5":"has-post-thumbnail","7":"category-destaques","8":"category-noticias"},"_links":{"self":[{"href":"https:\/\/sertsc.org.br\/site\/wp-json\/wp\/v2\/posts\/17629","targetHints":{"allow":["GET"]}}],"collection":[{"href":"https:\/\/sertsc.org.br\/site\/wp-json\/wp\/v2\/posts"}],"about":[{"href":"https:\/\/sertsc.org.br\/site\/wp-json\/wp\/v2\/types\/post"}],"author":[{"embeddable":true,"href":"https:\/\/sertsc.org.br\/site\/wp-json\/wp\/v2\/users\/1"}],"replies":[{"embeddable":true,"href":"https:\/\/sertsc.org.br\/site\/wp-json\/wp\/v2\/comments?post=17629"}],"version-history":[{"count":0,"href":"https:\/\/sertsc.org.br\/site\/wp-json\/wp\/v2\/posts\/17629\/revisions"}],"wp:featuredmedia":[{"embeddable":true,"href":"https:\/\/sertsc.org.br\/site\/wp-json\/"}],"wp:attachment":[{"href":"https:\/\/sertsc.org.br\/site\/wp-json\/wp\/v2\/media?parent=17629"}],"wp:term":[{"taxonomy":"category","embeddable":true,"href":"https:\/\/sertsc.org.br\/site\/wp-json\/wp\/v2\/categories?post=17629"},{"taxonomy":"post_tag","embeddable":true,"href":"https:\/\/sertsc.org.br\/site\/wp-json\/wp\/v2\/tags?post=17629"}],"curies":[{"name":"wp","href":"https:\/\/api.w.org\/{rel}","templated":true}]}}