{"id":17622,"date":"2022-02-22T08:57:24","date_gmt":"2022-02-22T11:57:24","guid":{"rendered":"https:\/\/www.sertsc.org.br\/site\/?p=17622"},"modified":"2022-02-22T08:57:24","modified_gmt":"2022-02-22T11:57:24","slug":"faixa-fm-estendida-e-liberada-para-smartphones-samsung","status":"publish","type":"post","link":"https:\/\/sertsc.org.br\/site\/faixa-fm-estendida-e-liberada-para-smartphones-samsung\/","title":{"rendered":"Faixa FM estendida \u00e9 liberada para smartphones Samsung"},"content":{"rendered":"<p>A disponibilidade eletr\u00f4nica do FM avan\u00e7a no Brasil e os ouvintes de r\u00e1dio s\u00e3o beneficiados. A faixa estendida do FM, utilizada em sua maioria para alocar esta\u00e7\u00f5es originadas no AM, passou a ser compat\u00edvel com v\u00e1rios modelos de smartphones da Samsung, l\u00edder no segmento no Brasil. Uma atualiza\u00e7\u00e3o de software dispon\u00edvel para os usu\u00e1rios ampliou o dial FM de 87.5 FM para 76.0 FM, fato percebido por propriet\u00e1rios de v\u00e1rios modelos de celulares da Samsung.<\/p>\n<p>Segundo relatos de radionautas que entraram em contato com o tudoradio.com para relatar a novidade, a atualiza\u00e7\u00e3o apareceu para a maioria dos usu\u00e1rios neste final de semana. E o pr\u00f3prio descritivo do novo software indicava o &#8220;aprimoramento&#8221; do aplicativo &#8220;R\u00e1dio FM&#8221;. Por\u00e9m, a novidade parece atingir de forma gradativa os aparelhos, j\u00e1 que existem relatos da abertura do FM estendido em alguns modelos e outros ainda n\u00e3o, mesmo com a atualiza\u00e7\u00e3o do software.<\/p>\n<p>Uma lista extensa de smartphones comercializados no Brasil j\u00e1 contam com o FM estendido disponibilizado, conforme levantamento feito em 2021 pelo comit\u00ea t\u00e9cnico da AESP (Associa\u00e7\u00e3o das Emissoras de R\u00e1dio e Televis\u00e3o do Estado de S\u00e3o Paulo). Na ocasi\u00e3o, a Samsung foi listada com aparelhos como: Samsung Galaxy A10s, Samsung Galaxy A20S, Smartphone Samsung Galaxy A7, Samsung Galaxy A5 e Smartphone Samsung Galaxy A1. Agora, o tudoradio.com j\u00e1 recebeu relatos de abertura do eFM em modelos como o A30S, por exemplo.<\/p>\n<p>Atualmente a Samsung \u00e9 indicada como l\u00edder de mercado em vendas de novos aparelhos no Brasil. Segundo dados do StatCounter, a empresa correspondeu por 43,58% de todos os smartphones vendidos no pa\u00eds em novembro de 2021, m\u00eas onde as vendas do varejo (principalmente eletr\u00f4nicos) s\u00e3o impulsionadas por datas como a Black Friday.<\/p>\n<p>E os smartphones t\u00eam sido um grande aliado do r\u00e1dio no Brasil. Recentemente o tudoradio.com realizou uma enquete onde 59% dos participantes relataram ter um receptor com FM estendido (eFM). E para 17% dos participantes do questionamento, o celular com FM \u00e9 o \u00fanico dispositivo que d\u00e1 a possibilidade de ouvir FM a partir dos 76 MHz. O peso desses aparelhos aumenta, pois 14% dos radionautas afirmaram que para eles eFM est\u00e1 em mais de um dispositivo (novamente o celular com FM, r\u00e1dio do carro e\/ou receptor tradicional).<\/p>\n<p>O eFM, conhecido como FM estendido, \u00e9 iniciado em 76.1 FM e vai at\u00e9 87.3 FM. Essa faixa \u00e9 inicialmente utilizada em centros onde o &#8220;FM convencional&#8221; j\u00e1 est\u00e1 congestionado (faixa entre 88.1 FM e 107.9 FM), como S\u00e3o Paulo, Rio de Janeiro, Belo Horizonte, entre outras localidades. V\u00e1rias migrantes AM-FM j\u00e1 est\u00e3o atuando na nova faixa, inaugurada oficialmente em maio do ano passado. A tend\u00eancia \u00e9 de que o eFM tamb\u00e9m promova a expans\u00e3o do r\u00e1dio para outras regi\u00f5es do pa\u00eds, independente da migra\u00e7\u00e3o das AMs.<\/p>\n<p>&nbsp;<\/p>\n<p><img fetchpriority=\"high\" decoding=\"async\" class=\"wp-image-17623 aligncenter\" src=\"https:\/\/www.sertsc.org.br\/site\/wp-content\/uploads\/2022\/02\/Fotos.png\" alt=\"\" width=\"524\" height=\"350\" \/><\/p>\n<p>Fonte: Tudo R\u00e1dio https:\/\/tudoradio.com\/noticias\/ver\/26934-samsung-libera-atualizacao-de-software-que-libera-a-faixa-fm-estendida-em-smartphones<\/p>\n","protected":false},"excerpt":{"rendered":"<p>A disponibilidade eletr\u00f4nica do FM avan\u00e7a no Brasil e os&hellip;<\/p>\n<p> <a class=\"more-link\" href=\"https:\/\/sertsc.org.br\/site\/faixa-fm-estendida-e-liberada-para-smartphones-samsung\/\">Leia mais<\/a><\/p>\n","protected":false},"author":1,"featured_media":17623,"comment_status":"open","ping_status":"open","sticky":false,"template":"","format":"standard","meta":{"footnotes":""},"categories":[33,3],"tags":[],"class_list":{"0":"post-17622","1":"post","2":"type-post","3":"status-publish","4":"format-standard","5":"has-post-thumbnail","7":"category-destaques","8":"category-noticias"},"_links":{"self":[{"href":"https:\/\/sertsc.org.br\/site\/wp-json\/wp\/v2\/posts\/17622","targetHints":{"allow":["GET"]}}],"collection":[{"href":"https:\/\/sertsc.org.br\/site\/wp-json\/wp\/v2\/posts"}],"about":[{"href":"https:\/\/sertsc.org.br\/site\/wp-json\/wp\/v2\/types\/post"}],"author":[{"embeddable":true,"href":"https:\/\/sertsc.org.br\/site\/wp-json\/wp\/v2\/users\/1"}],"replies":[{"embeddable":true,"href":"https:\/\/sertsc.org.br\/site\/wp-json\/wp\/v2\/comments?post=17622"}],"version-history":[{"count":0,"href":"https:\/\/sertsc.org.br\/site\/wp-json\/wp\/v2\/posts\/17622\/revisions"}],"wp:featuredmedia":[{"embeddable":true,"href":"https:\/\/sertsc.org.br\/site\/wp-json\/"}],"wp:attachment":[{"href":"https:\/\/sertsc.org.br\/site\/wp-json\/wp\/v2\/media?parent=17622"}],"wp:term":[{"taxonomy":"category","embeddable":true,"href":"https:\/\/sertsc.org.br\/site\/wp-json\/wp\/v2\/categories?post=17622"},{"taxonomy":"post_tag","embeddable":true,"href":"https:\/\/sertsc.org.br\/site\/wp-json\/wp\/v2\/tags?post=17622"}],"curies":[{"name":"wp","href":"https:\/\/api.w.org\/{rel}","templated":true}]}}