{"id":17606,"date":"2022-02-16T16:24:04","date_gmt":"2022-02-16T19:24:04","guid":{"rendered":"https:\/\/www.sertsc.org.br\/site\/?p=17606"},"modified":"2022-02-16T16:24:04","modified_gmt":"2022-02-16T19:24:04","slug":"abert-divulga-em-evento-agenda-para-radiodifusao","status":"publish","type":"post","link":"https:\/\/sertsc.org.br\/site\/abert-divulga-em-evento-agenda-para-radiodifusao\/","title":{"rendered":"ABERT divulga em evento agenda para radiodifus\u00e3o"},"content":{"rendered":"<p>ABERT divulga em evento agenda para radiodifus\u00e3o<\/p>\n<p>Nesta ter\u00e7a-feira (15) os representantes do governo e da radiodifus\u00e3o debateram sobre os projetos priorit\u00e1rios para o setor e a proje\u00e7\u00e3o para a implementa\u00e7\u00e3o durante o ano. Este debate foi realizado dentro do Semin\u00e1rio Pol\u00edticas de (Tele) Comunica\u00e7\u00f5es, por meio do portal Teletime, evento que aconteceu em parceria com o Centro de Estudos de Pol\u00edticas de Comunica\u00e7\u00e3o da Universidade de Bras\u00edlia (CCOM\/ UNB).<\/p>\n<p>No painel \u201cRevis\u00e3o da agenda para 2022\u201d, o secret\u00e1rio de Radiodifus\u00e3o do Minist\u00e9rio das Comunica\u00e7\u00f5es (MCom), Maximiliano Martinh\u00e3o, destacou as pol\u00edticas p\u00fablicas desenvolvidas pela \u00e1rea, como a expans\u00e3o da TV digital em todo pa\u00eds, por meio do programa Digitaliza Brasil, o avan\u00e7o da chamada TV 3.0, que, segundo ele, poder\u00e1 iniciar suas transmiss\u00f5es em 2024, e a migra\u00e7\u00e3o da TVRO da banda C para a Ku.<\/p>\n<p>Martinh\u00e3o se mostrou otimista em rela\u00e7\u00e3o ao processo de libera\u00e7\u00e3o da faixa 3,5 GHz, necess\u00e1ria para dar in\u00edcio ao processo de limpeza do espectro e implanta\u00e7\u00e3o do 5G e os trabalhos desenvolvidos pelo Gaispi (Grupo de Acompanhamento da Implanta\u00e7\u00e3o das Solu\u00e7\u00f5es para os Problemas de Interfer\u00eancia na faixa de 3.625 a 3.700 MHz),<\/p>\n<p>&#8220;Estamos indo muito bem nesse processo. Os grupos do Gaispi est\u00e3o avan\u00e7ando e acredito sim, que \u00e9 poss\u00edvel acelerar&#8221;, afirmou.<\/p>\n<p>O secret\u00e1rio listou ainda projetos importantes para o r\u00e1dio, como, por exemplo, a ativa\u00e7\u00e3o do chip FM no celular, a migra\u00e7\u00e3o da faixa AM para FM, a implanta\u00e7\u00e3o da faixa estendida FM 2.0, e lembrou do centen\u00e1rio do r\u00e1dio no Brasil.<\/p>\n<p>\u201cNo campo da radiodifus\u00e3o, esse ser\u00e1 um ano marcante por dois motivos: o primeiro, \u00e9 a celebra\u00e7\u00e3o dos 60 anos do C\u00f3digo Brasileiro de Telecomunica\u00e7\u00f5es, que \u00e9 o marco do desenvolvimento da radiodifus\u00e3o no Brasil, e tamb\u00e9m pelas comemora\u00e7\u00f5es dos 100 anos do r\u00e1dio no pa\u00eds\u201d.<\/p>\n<p>O superintendente de Fiscaliza\u00e7\u00e3o e presidente substituto da Ag\u00eancia Nacional de Telecomunica\u00e7\u00f5es (Anatel), Wilson Wellisch, destacou pontos do edital do 5G e do regulamento de explora\u00e7\u00e3o de sat\u00e9lites no Brasil.<\/p>\n<p>Convidado para debater a agenda do setor, o presidente da ABERT, Fl\u00e1vio Lara Resende, enfatizou a import\u00e2ncia da migra\u00e7\u00e3o da TVRO para a Banda Ku, e lembrou do chamamento p\u00fablico para as emissoras interessadas em fazer a mudan\u00e7a.<\/p>\n<p>Lara Resende destacou ainda a revolu\u00e7\u00e3o tecnol\u00f3gica promovida pela TV 3.0, o programa Digitaliza Brasil e o PL das Fake News, que prev\u00ea uma contrapartida financeira pela divulga\u00e7\u00e3o de conte\u00fados jornal\u00edsticos pelas plataformas digitais.<\/p>\n<p>\u201cEntendemos haver espa\u00e7o para o prosseguimento de nossa agenda estrat\u00e9gica, que tem por prioridade a redu\u00e7\u00e3o da assimetria regulat\u00f3ria e a inclus\u00e3o definitiva da radiodifus\u00e3o em projetos com foco em inova\u00e7\u00e3o e tecnologia\u201d, afirmou.<\/p>\n<p>O presidente da ABERT enfatizou tamb\u00e9m a programa\u00e7\u00e3o especial para celebrar o centen\u00e1rio do r\u00e1dio, com eventos regionais que contar\u00e3o com a participa\u00e7\u00e3o das associa\u00e7\u00f5es estaduais.<\/p>\n<p>\u201cTeremos ainda o Congresso Brasileiro de Radiodifus\u00e3o, em novembro, que ser\u00e1 especial por comemorar os 60 anos da ABERT\u201d.<\/p>\n<p>Tamb\u00e9m participaram do debate o presidente da Conexis Brasil Digital, Marcos Ferrari, e o presidente-executivo da Telcomp, Luiz Henrique Barbosa.<\/p>\n<p><img fetchpriority=\"high\" decoding=\"async\" class=\"wp-image-17608 aligncenter\" src=\"https:\/\/www.sertsc.org.br\/site\/wp-content\/uploads\/2022\/02\/Copia-de-Quiz-1024x1024.png\" alt=\"\" width=\"351\" height=\"351\" \/><br \/>\nFonte ABERT https:\/\/www.abert.org.br\/web\/notmenu\/abert-destaca-agenda-prioritaria-da-radiodifusao-em-evento-sobre-politicas-de-comunicacoes-202202152046.html<\/p>\n","protected":false},"excerpt":{"rendered":"<p>ABERT divulga em evento agenda para radiodifus\u00e3o Nesta ter\u00e7a-feira (15)&hellip;<\/p>\n<p> <a class=\"more-link\" href=\"https:\/\/sertsc.org.br\/site\/abert-divulga-em-evento-agenda-para-radiodifusao\/\">Leia mais<\/a><\/p>\n","protected":false},"author":1,"featured_media":17608,"comment_status":"open","ping_status":"open","sticky":false,"template":"","format":"standard","meta":{"footnotes":""},"categories":[33,3],"tags":[],"class_list":{"0":"post-17606","1":"post","2":"type-post","3":"status-publish","4":"format-standard","5":"has-post-thumbnail","7":"category-destaques","8":"category-noticias"},"_links":{"self":[{"href":"https:\/\/sertsc.org.br\/site\/wp-json\/wp\/v2\/posts\/17606","targetHints":{"allow":["GET"]}}],"collection":[{"href":"https:\/\/sertsc.org.br\/site\/wp-json\/wp\/v2\/posts"}],"about":[{"href":"https:\/\/sertsc.org.br\/site\/wp-json\/wp\/v2\/types\/post"}],"author":[{"embeddable":true,"href":"https:\/\/sertsc.org.br\/site\/wp-json\/wp\/v2\/users\/1"}],"replies":[{"embeddable":true,"href":"https:\/\/sertsc.org.br\/site\/wp-json\/wp\/v2\/comments?post=17606"}],"version-history":[{"count":0,"href":"https:\/\/sertsc.org.br\/site\/wp-json\/wp\/v2\/posts\/17606\/revisions"}],"wp:featuredmedia":[{"embeddable":true,"href":"https:\/\/sertsc.org.br\/site\/wp-json\/"}],"wp:attachment":[{"href":"https:\/\/sertsc.org.br\/site\/wp-json\/wp\/v2\/media?parent=17606"}],"wp:term":[{"taxonomy":"category","embeddable":true,"href":"https:\/\/sertsc.org.br\/site\/wp-json\/wp\/v2\/categories?post=17606"},{"taxonomy":"post_tag","embeddable":true,"href":"https:\/\/sertsc.org.br\/site\/wp-json\/wp\/v2\/tags?post=17606"}],"curies":[{"name":"wp","href":"https:\/\/api.w.org\/{rel}","templated":true}]}}