{"id":17603,"date":"2022-02-16T10:10:13","date_gmt":"2022-02-16T13:10:13","guid":{"rendered":"https:\/\/www.sertsc.org.br\/site\/?p=17603"},"modified":"2022-02-16T10:10:13","modified_gmt":"2022-02-16T13:10:13","slug":"operadoras-estao-otimistas-para-a-liberacao-da-faixa-de-35-ghz","status":"publish","type":"post","link":"https:\/\/sertsc.org.br\/site\/operadoras-estao-otimistas-para-a-liberacao-da-faixa-de-35-ghz\/","title":{"rendered":"Operadoras est\u00e3o otimistas para a libera\u00e7\u00e3o da faixa de 3,5 GHz"},"content":{"rendered":"<p>As operadoras de telecom est\u00e3o com uma boa expectativa para a libera\u00e7\u00e3o da faixa de 3,5 GHz pela radiodifus\u00e3o dentro dos prazos previstos no edital. Com obriga\u00e7\u00e3o de tornar ativo o servi\u00e7o 5G nas capitais de estados a partir de julho, o mercado se movimenta.<\/p>\n<p>&#8220;Esse ano come\u00e7a o roll-out dos investimentos, e temos feito trabalho intenso para adaptar o terreno para que ele ocorra de maneira tranquila. Um ponto importante \u00e9 preparar a faixa para ligar o 5G nas capitais at\u00e9 julho. \u00c9 daqui a pouquinho, mas h\u00e1 quest\u00e3o f\u00edsica que precisa ser resolvida&#8221;, afirmou o presidente executivo da Conexis, Marcos Ferrari, em refer\u00eancia \u00e0s emissoras que devem deixar a banda C rumo \u00e0 banda Ku.<\/p>\n<p>A entidade, que representa as principais operadoras do Pa\u00eds, destacou a import\u00e2ncia da &#8220;seguran\u00e7a jur\u00eddico-regulat\u00f3ria&#8221; para o sucesso do processo. &#8220;Somos do setor privado e atuamos com decis\u00f5es relevantes com base no que h\u00e1 de norma existente. O avan\u00e7o da seguran\u00e7a jur\u00eddico-regulat\u00f3rio \u00e9 importante para que haja roll-out tranquilo e conforme o momento previsto no bid do leil\u00e3o do 5G, para que possamos ter retorno sobre o investimento e levar aos nossos acionistas&#8221;.<\/p>\n<p>Os pontos foram colocados durante o primeiro dia do Semin\u00e1rio Pol\u00edticas de (Tele)Comunica\u00e7\u00f5es, realizado pela TELETIME em parceria com o Centro de Pol\u00edticas, Direito, Economia e Tecnologias das Comunica\u00e7\u00f5es (CCOM\/UnB). Presentes no debate, representantes do governo e da radiodifus\u00e3o foram otimistas quanto ao processo de delibera\u00e7\u00e3o do 3,5 GHz.<\/p>\n<p>&#8220;N\u00e3o tenho d\u00favida que \u00e9 poss\u00edvel cumprir at\u00e9 julho&#8221;, afirmou o presidente da Abert, Fl\u00e1vio Lara Resende. &#8220;O Minist\u00e9rio das Comunica\u00e7\u00f5es (MCom) tem sido bastante c\u00e9lere, e precisa haver converg\u00eancia e vontade de todos para que se apresse [a libera\u00e7\u00e3o]&#8221;. Resende ainda citou chamamento p\u00fablico para interessados j\u00e1 realizado entre radiodifusores.<\/p>\n<p>Pelo lado do MCom, o secret\u00e1rio de radiodifus\u00e3o Maximiliano Martinh\u00e3o tamb\u00e9m foi positivo diante de defini\u00e7\u00f5es na EAF e da futura sinaliza\u00e7\u00e3o (prevista para o come\u00e7o de mar\u00e7o) de qual sat\u00e9lite que receber\u00e1 os canais que v\u00e3o migrar da banda C para a banda Ku. &#8220;Estamos indo muito bem nesse processo. Os grupos do Gaispi est\u00e3o avan\u00e7ando e acredito sim que \u00e9 poss\u00edvel acelerar&#8221;, afirmou Martinh\u00e3o.<\/p>\n<p>J\u00e1 o conselheiro da Anatel, Mois\u00e9s Moreira, que preside o grupo gestor respons\u00e1vel pelo processo de limpeza da faixa de 3,5 GHz, disse em sua participa\u00e7\u00e3o, em outro painel, que existem mecanismos poss\u00edveis para um adiamento de prazo previstos no edital, mas ele espera que isso n\u00e3o seja necess\u00e1rio caso todas as partes consigam cumprir as suas tarefas a tempo.<\/p>\n<p><img fetchpriority=\"high\" decoding=\"async\" class=\"wp-image-17604 aligncenter\" src=\"https:\/\/www.sertsc.org.br\/site\/wp-content\/uploads\/2022\/02\/Design-sem-nome-5-1.png\" alt=\"\" width=\"505\" height=\"337\" \/><\/p>\n<p>Fonte: Tele Time https:\/\/teletime.com.br\/15\/02\/2022\/com-julho-proximo-teles-vivem-expectativa-por-35-ghz-nas-capitais\/<\/p>\n","protected":false},"excerpt":{"rendered":"<p>As operadoras de telecom est\u00e3o com uma boa expectativa para&hellip;<\/p>\n<p> <a class=\"more-link\" href=\"https:\/\/sertsc.org.br\/site\/operadoras-estao-otimistas-para-a-liberacao-da-faixa-de-35-ghz\/\">Leia mais<\/a><\/p>\n","protected":false},"author":1,"featured_media":17604,"comment_status":"open","ping_status":"open","sticky":false,"template":"","format":"standard","meta":{"footnotes":""},"categories":[33,3],"tags":[],"class_list":{"0":"post-17603","1":"post","2":"type-post","3":"status-publish","4":"format-standard","5":"has-post-thumbnail","7":"category-destaques","8":"category-noticias"},"_links":{"self":[{"href":"https:\/\/sertsc.org.br\/site\/wp-json\/wp\/v2\/posts\/17603","targetHints":{"allow":["GET"]}}],"collection":[{"href":"https:\/\/sertsc.org.br\/site\/wp-json\/wp\/v2\/posts"}],"about":[{"href":"https:\/\/sertsc.org.br\/site\/wp-json\/wp\/v2\/types\/post"}],"author":[{"embeddable":true,"href":"https:\/\/sertsc.org.br\/site\/wp-json\/wp\/v2\/users\/1"}],"replies":[{"embeddable":true,"href":"https:\/\/sertsc.org.br\/site\/wp-json\/wp\/v2\/comments?post=17603"}],"version-history":[{"count":0,"href":"https:\/\/sertsc.org.br\/site\/wp-json\/wp\/v2\/posts\/17603\/revisions"}],"wp:featuredmedia":[{"embeddable":true,"href":"https:\/\/sertsc.org.br\/site\/wp-json\/"}],"wp:attachment":[{"href":"https:\/\/sertsc.org.br\/site\/wp-json\/wp\/v2\/media?parent=17603"}],"wp:term":[{"taxonomy":"category","embeddable":true,"href":"https:\/\/sertsc.org.br\/site\/wp-json\/wp\/v2\/categories?post=17603"},{"taxonomy":"post_tag","embeddable":true,"href":"https:\/\/sertsc.org.br\/site\/wp-json\/wp\/v2\/tags?post=17603"}],"curies":[{"name":"wp","href":"https:\/\/api.w.org\/{rel}","templated":true}]}}