{"id":17580,"date":"2022-02-11T15:20:20","date_gmt":"2022-02-11T18:20:20","guid":{"rendered":"https:\/\/www.sertsc.org.br\/site\/?p=17580"},"modified":"2022-02-11T15:20:20","modified_gmt":"2022-02-11T18:20:20","slug":"convencao-coletiva-de-trabalho-2022-piso-salarial-dos-radialistas","status":"publish","type":"post","link":"https:\/\/sertsc.org.br\/site\/convencao-coletiva-de-trabalho-2022-piso-salarial-dos-radialistas\/","title":{"rendered":"Conven\u00e7\u00e3o Coletiva de Trabalho 2022: Piso Salarial dos Radialistas"},"content":{"rendered":"<p style=\"text-align: left;\">A Conven\u00e7\u00e3o Coletiva de Trabalho regulamenta o piso salarial dos radialistas.<\/p>\n<p style=\"text-align: left;\">Na sequ\u00eancia acompanhe o trecho da <strong>CCT 2022<\/strong> que trata do tema:<\/p>\n<p>\u201cOs <strong>Radialistas que desempenham fun\u00e7\u00f5es n\u00e3o regulamentadas<\/strong>, pela Lei no 6.615\/78 e Decreto n\u00ba 9.329\/18, ou seja, os que desempenham fun\u00e7\u00f5es gerais, auxiliares ou administrativas e inclusive Menor Aprendiz ter\u00e3o assegurados, <strong>a partir de 1\u00ba de janeiro de 2022, o piso salarial de R$ 1.212,00 (um mil e duzentos e doze reais)<\/strong>, ficam exclu\u00eddos do piso acima referido os empregados que desempenham as fun\u00e7\u00f5es de &#8220;office- boys&#8221; e o pessoal de limpeza;<br \/>\n<strong>Os Radialistas que desempenham fun\u00e7\u00f5es regulamentadas<\/strong> pela Lei n\u00ba. 6.615\/78 e Decreto n\u00ba. 9.329\/18 ter\u00e3o assegurados, <strong>a partir de 1\u00ba de janeiro de 2022, o piso salarial de R$ 1.432,00 (mil quatrocentos e trinta e dois reais)\u201d<\/strong>.<\/p>\n<blockquote>\n<h2><img fetchpriority=\"high\" decoding=\"async\" class=\"wp-image-17581 aligncenter\" src=\"https:\/\/www.sertsc.org.br\/site\/wp-content\/uploads\/2022\/02\/Sem-nome-Post-para-Facebook.png\" alt=\"\" width=\"472\" height=\"396\" \/><\/h2>\n<\/blockquote>\n","protected":false},"excerpt":{"rendered":"<p>A Conven\u00e7\u00e3o Coletiva de Trabalho regulamenta o piso salarial dos&hellip;<\/p>\n<p> <a class=\"more-link\" href=\"https:\/\/sertsc.org.br\/site\/convencao-coletiva-de-trabalho-2022-piso-salarial-dos-radialistas\/\">Leia mais<\/a><\/p>\n","protected":false},"author":1,"featured_media":17581,"comment_status":"open","ping_status":"open","sticky":false,"template":"","format":"standard","meta":{"footnotes":""},"categories":[33,1,3],"tags":[],"class_list":{"0":"post-17580","1":"post","2":"type-post","3":"status-publish","4":"format-standard","5":"has-post-thumbnail","7":"category-destaques","8":"category-geral","9":"category-noticias"},"_links":{"self":[{"href":"https:\/\/sertsc.org.br\/site\/wp-json\/wp\/v2\/posts\/17580","targetHints":{"allow":["GET"]}}],"collection":[{"href":"https:\/\/sertsc.org.br\/site\/wp-json\/wp\/v2\/posts"}],"about":[{"href":"https:\/\/sertsc.org.br\/site\/wp-json\/wp\/v2\/types\/post"}],"author":[{"embeddable":true,"href":"https:\/\/sertsc.org.br\/site\/wp-json\/wp\/v2\/users\/1"}],"replies":[{"embeddable":true,"href":"https:\/\/sertsc.org.br\/site\/wp-json\/wp\/v2\/comments?post=17580"}],"version-history":[{"count":0,"href":"https:\/\/sertsc.org.br\/site\/wp-json\/wp\/v2\/posts\/17580\/revisions"}],"wp:featuredmedia":[{"embeddable":true,"href":"https:\/\/sertsc.org.br\/site\/wp-json\/"}],"wp:attachment":[{"href":"https:\/\/sertsc.org.br\/site\/wp-json\/wp\/v2\/media?parent=17580"}],"wp:term":[{"taxonomy":"category","embeddable":true,"href":"https:\/\/sertsc.org.br\/site\/wp-json\/wp\/v2\/categories?post=17580"},{"taxonomy":"post_tag","embeddable":true,"href":"https:\/\/sertsc.org.br\/site\/wp-json\/wp\/v2\/tags?post=17580"}],"curies":[{"name":"wp","href":"https:\/\/api.w.org\/{rel}","templated":true}]}}