{"id":17576,"date":"2022-02-11T09:29:16","date_gmt":"2022-02-11T12:29:16","guid":{"rendered":"https:\/\/www.sertsc.org.br\/site\/?p=17576"},"modified":"2022-02-11T09:29:16","modified_gmt":"2022-02-11T12:29:16","slug":"forum-cidades-digitais-da-serra-catarinense-contou-com-participacao-do-ministerio-das-comunicacoes","status":"publish","type":"post","link":"https:\/\/sertsc.org.br\/site\/forum-cidades-digitais-da-serra-catarinense-contou-com-participacao-do-ministerio-das-comunicacoes\/","title":{"rendered":"F\u00f3rum Cidades Digitais da Serra Catarinense contou com participa\u00e7\u00e3o do Minist\u00e9rio das Comunica\u00e7\u00f5es"},"content":{"rendered":"<p>Nesta quinta-feira (10), o Minist\u00e9rio das Comunica\u00e7\u00f5es (MCom) participou do F\u00f3rum de Cidades Digitais e Inteligentes, em Lages, Santa Catarina. H\u00e9lio Fonseca, gerente de Projetos da Secretaria de Telecomunica\u00e7\u00f5es (Setel), representou o MCom no evento e pontuou quest\u00f5es importantes a respeito da implanta\u00e7\u00e3o do 5G na regi\u00e3o<\/p>\n<p>.<br \/>\nO t\u00e9cnico da Setel explanou em sua palestra virtual sobre a prepara\u00e7\u00e3o para a chegada da quinta gera\u00e7\u00e3o da tecnologia m\u00f3vel. \u201cAs cidades precisam atualizar suas legisla\u00e7\u00f5es municipais para disponibilizar mais antenas, visando eliminar eventuais obst\u00e1culos legais&#8221;.<\/p>\n<p>Atualmente, a Lei Geral das Antenas (Lei n\u00ba 13.116\/2015) e o Decreto n\u00ba 10.480\/2020 tornam poss\u00edvel que a implanta\u00e7\u00e3o da nova tecnologia ocorra na totalidade das capitais e munic\u00edpios. Cidades com legisla\u00e7\u00f5es adaptadas \u00e0 Lei Geral das Antenas \u2013 como Bras\u00edlia, Curitiba, Florian\u00f3polis, Fortaleza, Natal, Palmas, Porto Alegre, Rio de Janeiro, S\u00e3o Paulo, Vit\u00f3ria, Aracaju e Boa Vista \u2013 ser\u00e3o as primeiras a contar com todos os benef\u00edcios da tecnologia 5G.<\/p>\n<p>\u201cO 5G vai ser determinante para se ter sincronismo de aplica\u00e7\u00f5es em tempo real\u201d, apontou o gerente. O novo padr\u00e3o \u00e9 at\u00e9 100 vezes mais r\u00e1pido que o atual e promete baixa lat\u00eancia, possibilitando a realiza\u00e7\u00e3o de cirurgias a dist\u00e2ncia, opera\u00e7\u00e3o de diversas m\u00e1quinas e ve\u00edculos aut\u00f4nomos simultaneamente, aplica\u00e7\u00f5es em realidade aumentada.<\/p>\n<p>As operadoras vencedoras do leil\u00e3o do 5G devem investir, como contrapartidas das concess\u00f5es de radiofrequ\u00eancias, na amplia\u00e7\u00e3o da conectividade em cidades, rodovias, escola p\u00fablicas, zonas rurais e localidades com pouca ou nenhuma conex\u00e3o. O edital fixou metas a serem implementadas ano a ano. As primeiras vencem em julho de 2022, quando todas as capitais brasileiras devem ter cobertura de 5G. J\u00e1 em 2028, a meta \u00e9 para cobertura de todas as cidades do pa\u00eds.<\/p>\n<p>O F\u00f3rum Cidades Digitais e Inteligentes da Serra Catarinense \u00e9 direcionado para gestores de pequenos e m\u00e9dios munic\u00edpios com o intuito de trocar conhecimentos sobre como planejar e implantar a\u00e7\u00f5es que gerem mais efici\u00eancia e produtividade para o servi\u00e7o p\u00fablico. Mais de 40 prefeituras participaram do evento.<\/p>\n<p><img fetchpriority=\"high\" decoding=\"async\" class=\"wp-image-17577 aligncenter\" src=\"https:\/\/www.sertsc.org.br\/site\/wp-content\/uploads\/2022\/02\/Design-sem-nome-7.png\" alt=\"\" width=\"453\" height=\"302\" \/><\/p>\n<p>Fonte: Minist\u00e9rio das Comunica\u00e7\u00f5es https:\/\/www.gov.br\/mcom\/pt-br\/noticias\/2022\/fevereiro\/mcom-participa-do-forum-cidades-digitais-da-serra-catarinense<\/p>\n<p>&nbsp;<\/p>\n","protected":false},"excerpt":{"rendered":"<p>Nesta quinta-feira (10), o Minist\u00e9rio das Comunica\u00e7\u00f5es (MCom) participou do&hellip;<\/p>\n<p> <a class=\"more-link\" href=\"https:\/\/sertsc.org.br\/site\/forum-cidades-digitais-da-serra-catarinense-contou-com-participacao-do-ministerio-das-comunicacoes\/\">Leia mais<\/a><\/p>\n","protected":false},"author":1,"featured_media":17579,"comment_status":"open","ping_status":"open","sticky":false,"template":"","format":"standard","meta":{"footnotes":""},"categories":[33,3],"tags":[],"class_list":{"0":"post-17576","1":"post","2":"type-post","3":"status-publish","4":"format-standard","5":"has-post-thumbnail","7":"category-destaques","8":"category-noticias"},"_links":{"self":[{"href":"https:\/\/sertsc.org.br\/site\/wp-json\/wp\/v2\/posts\/17576","targetHints":{"allow":["GET"]}}],"collection":[{"href":"https:\/\/sertsc.org.br\/site\/wp-json\/wp\/v2\/posts"}],"about":[{"href":"https:\/\/sertsc.org.br\/site\/wp-json\/wp\/v2\/types\/post"}],"author":[{"embeddable":true,"href":"https:\/\/sertsc.org.br\/site\/wp-json\/wp\/v2\/users\/1"}],"replies":[{"embeddable":true,"href":"https:\/\/sertsc.org.br\/site\/wp-json\/wp\/v2\/comments?post=17576"}],"version-history":[{"count":0,"href":"https:\/\/sertsc.org.br\/site\/wp-json\/wp\/v2\/posts\/17576\/revisions"}],"wp:featuredmedia":[{"embeddable":true,"href":"https:\/\/sertsc.org.br\/site\/wp-json\/"}],"wp:attachment":[{"href":"https:\/\/sertsc.org.br\/site\/wp-json\/wp\/v2\/media?parent=17576"}],"wp:term":[{"taxonomy":"category","embeddable":true,"href":"https:\/\/sertsc.org.br\/site\/wp-json\/wp\/v2\/categories?post=17576"},{"taxonomy":"post_tag","embeddable":true,"href":"https:\/\/sertsc.org.br\/site\/wp-json\/wp\/v2\/tags?post=17576"}],"curies":[{"name":"wp","href":"https:\/\/api.w.org\/{rel}","templated":true}]}}