{"id":17569,"date":"2022-02-10T15:36:04","date_gmt":"2022-02-10T18:36:04","guid":{"rendered":"https:\/\/www.sertsc.org.br\/site\/?p=17569"},"modified":"2022-02-10T15:36:04","modified_gmt":"2022-02-10T18:36:04","slug":"fechada-convencao-coletiva-de-trabalho-referente-ao-ano-de-2022","status":"publish","type":"post","link":"https:\/\/sertsc.org.br\/site\/fechada-convencao-coletiva-de-trabalho-referente-ao-ano-de-2022\/","title":{"rendered":"Fechada Conven\u00e7\u00e3o Coletiva de Trabalho referente ao ano de 2022"},"content":{"rendered":"<p style=\"text-align: justify;\">Ap\u00f3s tr\u00eas rodadas, foram finalizadas as negocia\u00e7\u00f5es na manh\u00e3 desta quinta-feira (10) entre os representantes do Sindicato dos Radialistas e do Sindicato das Empresas de R\u00e1dio e Televis\u00e3o de Santa Catarina (SERT\/SC). Foi aprovada a Conven\u00e7\u00e3o Coletiva de Trabalho 2022.<\/p>\n<p style=\"text-align: justify;\">Ficou acordado o reajuste de 7,75%, a incidir sobre o sal\u00e1rio de janeiro de 2022 para todos os radialistas. O reajuste tem vig\u00eancia a partir de 1\u00b0 de janeiro de 2022.<\/p>\n<p style=\"text-align: justify;\">As demais cl\u00e1usulas econ\u00f4micas tamb\u00e9m ser\u00e3o reajustadas no mesmo percentual (7,75%), e as cl\u00e1usulas jur\u00eddicas e sociais permanecem conforme a Conven\u00e7\u00e3o Coletiva de Trabalho anterior.<\/p>\n<p style=\"text-align: justify;\">Pela Conven\u00e7\u00e3o, o pagamento do reajuste, retroativo a janeiro de 2022, poder\u00e1 ser efetuado at\u00e9 a folha de mar\u00e7o, com pagamento em abril.<\/p>\n<p>&nbsp;<\/p>\n<p style=\"text-align: justify;\"><img fetchpriority=\"high\" decoding=\"async\" class=\"wp-image-17572 aligncenter\" style=\"text-align: start;\" src=\"https:\/\/www.sertsc.org.br\/site\/wp-content\/uploads\/2022\/02\/WhatsApp-Image-2022-02-10-at-13.49.13-1024x768.jpeg\" alt=\"\" width=\"578\" height=\"433\" \/><\/p>\n","protected":false},"excerpt":{"rendered":"<p>Ap\u00f3s tr\u00eas rodadas, foram finalizadas as negocia\u00e7\u00f5es na manh\u00e3 desta&hellip;<\/p>\n<p> <a class=\"more-link\" href=\"https:\/\/sertsc.org.br\/site\/fechada-convencao-coletiva-de-trabalho-referente-ao-ano-de-2022\/\">Leia mais<\/a><\/p>\n","protected":false},"author":1,"featured_media":17573,"comment_status":"open","ping_status":"open","sticky":false,"template":"","format":"standard","meta":{"footnotes":""},"categories":[33,3],"tags":[],"class_list":{"0":"post-17569","1":"post","2":"type-post","3":"status-publish","4":"format-standard","5":"has-post-thumbnail","7":"category-destaques","8":"category-noticias"},"_links":{"self":[{"href":"https:\/\/sertsc.org.br\/site\/wp-json\/wp\/v2\/posts\/17569","targetHints":{"allow":["GET"]}}],"collection":[{"href":"https:\/\/sertsc.org.br\/site\/wp-json\/wp\/v2\/posts"}],"about":[{"href":"https:\/\/sertsc.org.br\/site\/wp-json\/wp\/v2\/types\/post"}],"author":[{"embeddable":true,"href":"https:\/\/sertsc.org.br\/site\/wp-json\/wp\/v2\/users\/1"}],"replies":[{"embeddable":true,"href":"https:\/\/sertsc.org.br\/site\/wp-json\/wp\/v2\/comments?post=17569"}],"version-history":[{"count":0,"href":"https:\/\/sertsc.org.br\/site\/wp-json\/wp\/v2\/posts\/17569\/revisions"}],"wp:featuredmedia":[{"embeddable":true,"href":"https:\/\/sertsc.org.br\/site\/wp-json\/"}],"wp:attachment":[{"href":"https:\/\/sertsc.org.br\/site\/wp-json\/wp\/v2\/media?parent=17569"}],"wp:term":[{"taxonomy":"category","embeddable":true,"href":"https:\/\/sertsc.org.br\/site\/wp-json\/wp\/v2\/categories?post=17569"},{"taxonomy":"post_tag","embeddable":true,"href":"https:\/\/sertsc.org.br\/site\/wp-json\/wp\/v2\/tags?post=17569"}],"curies":[{"name":"wp","href":"https:\/\/api.w.org\/{rel}","templated":true}]}}