{"id":17553,"date":"2022-02-08T09:58:30","date_gmt":"2022-02-08T12:58:30","guid":{"rendered":"https:\/\/www.sertsc.org.br\/site\/?p=17553"},"modified":"2022-02-08T09:58:30","modified_gmt":"2022-02-08T12:58:30","slug":"associacoes-brasileiras-ligadas-a-radiodifusao-organizam-delegacao-para-o-nab-show-2022","status":"publish","type":"post","link":"https:\/\/sertsc.org.br\/site\/associacoes-brasileiras-ligadas-a-radiodifusao-organizam-delegacao-para-o-nab-show-2022\/","title":{"rendered":"Associa\u00e7\u00f5es brasileiras ligadas \u00e0 radiodifus\u00e3o organizam delega\u00e7\u00e3o para o NAB Show 2022"},"content":{"rendered":"<p>As associa\u00e7\u00f5es da \u00e1rea de radiodifus\u00e3o come\u00e7am a divulgar os seus planejamentos relacionados ao NAB Show 2022, evento que acontecer\u00e1 nos Estados Unidos, de 23 a 27 de abril. Hoje (8), a AESP vai divulgar os pacotes relacionados \u00e0 viagem para Las Vegas, cidade norte-americana que sediar\u00e1 a programa\u00e7\u00e3o da NAB. Conforme noticiado pelo tudoradio.com, a edi\u00e7\u00e3o de 2022 do NAB Show ser\u00e1 especial para o setor de r\u00e1dio, por ser a primeira a apresentar o Radio Show 2022 como evento co-localizado. Acompanhe os detalhes:<\/p>\n<p>A AESP (Associa\u00e7\u00e3o das Emissoras de R\u00e1dio e Televis\u00e3o do Estado de S\u00e3o Paulo) vai oferecer v\u00e1rias op\u00e7\u00f5es de pacotes atrav\u00e9s da Brazilusa Turismo, assim como ocorreu em edi\u00e7\u00f5es anteriores. A ideia visa facilitar a organiza\u00e7\u00e3o dos custos e de outros detalhes que envolvem o NAB Show, facilitar a forma de pagamento e tamb\u00e9m organizar uma delega\u00e7\u00e3o brasileira oficial, promovendo uma integra\u00e7\u00e3o maior entre os congressistas. Em contato com o tudoradio.com, a diretoria da AESP tamb\u00e9m dever\u00e1 divulgar uma agenda de eventos e compromissos em Las Vegas, planejamento este que est\u00e1 em fase final de organiza\u00e7\u00e3o.<\/p>\n<p>Outra associa\u00e7\u00e3o que tamb\u00e9m dever\u00e1 auxiliar na forma\u00e7\u00e3o da delega\u00e7\u00e3o brasileira para o NAB Show 2022 \u00e9 a Aerp (??Associa\u00e7\u00e3o das Emissoras de Radiodifus\u00e3o do Paran\u00e1), que divulgou ontem (6) uma parceria com a Brazilusa Turismo para oferecer vantagens aos radiodifusores paranaenses que desejam acompanhar o congresso e feira da NAB nos Estados Unidos. Os pacotes envolvem estadias em hot\u00e9is como o Park MGM e Excalibur, al\u00e9m de inscri\u00e7\u00e3o na feira, seguro viagem, passagens a\u00e9reas e assist\u00eancia local de brasileiros.<\/p>\n<p>Quem tamb\u00e9m j\u00e1 disparou informa\u00e7\u00f5es sobre pacotes de viagem relacionadas ao NAB Show 2022 foi a SET, tamb\u00e9m em parceria com a Brazilusa Turismo, refor\u00e7ando o tamanho da delega\u00e7\u00e3o brasileira para este ano. O tudoradio.com tamb\u00e9m repercutiu que o SET\u201930, evento realizado pela SET, lan\u00e7ou um site com informa\u00e7\u00f5es sobre a NAB Show 2022: set.org.br\/eventos\/set30\/<\/p>\n<p>Intelig\u00eancia artificial e automa\u00e7\u00e3o: o novo pilar de conte\u00fado do NAB Show<\/p>\n<p>Em dezembro passado, a NAB divulgou atrav\u00e9s de um comunicado que foi adicionado um quarto pilar de conte\u00fado ao show: ??o \u201cIntelligent Content\u201d, ou seja, &#8220;Conte\u00fado Inteligente&#8221;, que ter\u00e1 a miss\u00e3o de mostrar os impactos dos dados, intelig\u00eancia artificial e automa\u00e7\u00e3o nas empresas de m\u00eddia e entretenimento. O novo pilar se junta aos outros tr\u00eas j\u00e1 anunciados anteriormente: \u201cCriar\u201d, \u201cConectar\u201d e \u201cCapitalizar\u201d.<\/p>\n<p>\u201cA m\u00eddia est\u00e1 se tornando mais orientada a dados e o NAB Show oferece uma plataforma \u00fanica para guiar nossa comunidade durante essa transi\u00e7\u00e3o. Este destino espec\u00edfico marca nosso compromisso em expandir o uso de dados pela ind\u00fastria e criar oportunidades para a ind\u00fastria de m\u00eddia liderar o futuro do conte\u00fado\u201d, afirmou Chris Brown, vice-presidente executivo e diretor administrativo da NAB, Global Connections and Events, em comunicado sobre o novo pilar de conte\u00fado.<\/p>\n<p>Radio Show 2022 no Westgate Las Vegas<\/p>\n<p>Outro ponto forte para 2022 \u00e9 o fato do Radio Show passar a coexistir ao NAB Show, deixando de ser um evento itinerante e realizado no segundo semestre de cada ano. O Radio Show \u00e9 considerado o principal evento da ind\u00fastria de r\u00e1dio dos Estados Unidos e, ao ser fixado junto ao NAB Show, deixa clara a inten\u00e7\u00e3o dos organizadores de expandir a programa\u00e7\u00e3o para congressistas de outros pa\u00edses, deixando-o mais internacional.<\/p>\n<p>Inicialmente, a ideia de fazer o Radio Show de forma que se encaixasse na agenda do NAB Show surgiu com o cancelamento das edi\u00e7\u00f5es 2020 de ambos os eventos, devido \u00e0 pandemia da covid-19. As duas programa\u00e7\u00f5es seriam realizadas neste m\u00eas de outubro, em Las Vegas, como edi\u00e7\u00f5es de 2021. Por\u00e9m, assim como ocorreu no ano passado, toda a programa\u00e7\u00e3o presencial relacionada \u00e0 NAB em 2021 foi cancelada, na \u00e9poca devido ao crescimento de casos da covid-19 pela variante delta.<\/p>\n<p>Agora a situa\u00e7\u00e3o \u00e9 diferente: o NAB Show 2022 est\u00e1 confirmado (23 a 27 de abril de 2022 no Las Vegas Convention Center) e ser\u00e1 o primeiro evento presencial da NAB desde 2019. E, com o an\u00fancio feito pela associa\u00e7\u00e3o sobre a ida do Radio Show para Las Vegas (no Westgate Las Vegas), a expectativa da delega\u00e7\u00e3o brasileira \u00e9 novamente elevada, motivando a organiza\u00e7\u00e3o dos pacotes de viagem e das agendas locais, como a grade divulgada recentemente pelo SET.<\/p>\n<p>\u201cEsta mudan\u00e7a oferece mais oportunidades em um local para profissionais de r\u00e1dio e eleva o r\u00e1dio no ecossistema de m\u00eddia maior representado no NAB Show\u201d, disse a NAB no an\u00fancio. A decis\u00e3o de agrupar os dois eventos foi realizada de forma conjunta entre a NAB e o Radio Advertising Bureau, sendo um planejamento de longo prazo.<\/p>\n<p><img fetchpriority=\"high\" decoding=\"async\" class=\"wp-image-17554 aligncenter\" src=\"https:\/\/www.sertsc.org.br\/site\/wp-content\/uploads\/2022\/02\/Design-sem-nome-2-2.png\" alt=\"\" width=\"529\" height=\"353\" \/><\/p>\n<p>Fonte: Tudo R\u00e1dio https:\/\/tudoradio.com\/noticias\/ver\/26856-com-o-nab-show-2022-confirmado-associacoes-brasileiras-iniciam-organizacao-de-delegacao<\/p>\n","protected":false},"excerpt":{"rendered":"<p>As associa\u00e7\u00f5es da \u00e1rea de radiodifus\u00e3o come\u00e7am a divulgar os&hellip;<\/p>\n<p> <a class=\"more-link\" href=\"https:\/\/sertsc.org.br\/site\/associacoes-brasileiras-ligadas-a-radiodifusao-organizam-delegacao-para-o-nab-show-2022\/\">Leia mais<\/a><\/p>\n","protected":false},"author":1,"featured_media":17554,"comment_status":"open","ping_status":"open","sticky":false,"template":"","format":"standard","meta":{"footnotes":""},"categories":[33,3],"tags":[],"class_list":{"0":"post-17553","1":"post","2":"type-post","3":"status-publish","4":"format-standard","5":"has-post-thumbnail","7":"category-destaques","8":"category-noticias"},"_links":{"self":[{"href":"https:\/\/sertsc.org.br\/site\/wp-json\/wp\/v2\/posts\/17553","targetHints":{"allow":["GET"]}}],"collection":[{"href":"https:\/\/sertsc.org.br\/site\/wp-json\/wp\/v2\/posts"}],"about":[{"href":"https:\/\/sertsc.org.br\/site\/wp-json\/wp\/v2\/types\/post"}],"author":[{"embeddable":true,"href":"https:\/\/sertsc.org.br\/site\/wp-json\/wp\/v2\/users\/1"}],"replies":[{"embeddable":true,"href":"https:\/\/sertsc.org.br\/site\/wp-json\/wp\/v2\/comments?post=17553"}],"version-history":[{"count":0,"href":"https:\/\/sertsc.org.br\/site\/wp-json\/wp\/v2\/posts\/17553\/revisions"}],"wp:featuredmedia":[{"embeddable":true,"href":"https:\/\/sertsc.org.br\/site\/wp-json\/"}],"wp:attachment":[{"href":"https:\/\/sertsc.org.br\/site\/wp-json\/wp\/v2\/media?parent=17553"}],"wp:term":[{"taxonomy":"category","embeddable":true,"href":"https:\/\/sertsc.org.br\/site\/wp-json\/wp\/v2\/categories?post=17553"},{"taxonomy":"post_tag","embeddable":true,"href":"https:\/\/sertsc.org.br\/site\/wp-json\/wp\/v2\/tags?post=17553"}],"curies":[{"name":"wp","href":"https:\/\/api.w.org\/{rel}","templated":true}]}}