{"id":17537,"date":"2022-02-03T15:53:15","date_gmt":"2022-02-03T18:53:15","guid":{"rendered":"https:\/\/www.sertsc.org.br\/site\/?p=17537"},"modified":"2022-02-03T15:53:15","modified_gmt":"2022-02-03T18:53:15","slug":"17537-2","status":"publish","type":"post","link":"https:\/\/sertsc.org.br\/site\/17537-2\/","title":{"rendered":"A Maioria dos Jornalistas ouve r\u00e1dio"},"content":{"rendered":"<p>O portal Comunique-se divulgou nesta ter\u00e7a-feira uma pesquisa que mostra o consumo de m\u00eddia radiof\u00f4nica pela maioria dos jornalistas. Al\u00e9m de ser um meio de comunica\u00e7\u00e3o com significativa audi\u00eancia de formadores de opini\u00e3o, tamb\u00e9m se mostra acess\u00edvel a popula\u00e7\u00e3o como um todo.<\/p>\n<p>De acordo com o levantamento, chamado de \u201cRaio-X do mercado de jornalismo no Brasil\u201d, 55,8% dos profissionais de imprensa do pa\u00eds t\u00eam o costume de consumir conte\u00fado de emissoras de r\u00e1dio. Realizada por meio do Comunique-se 360, plataforma de comunica\u00e7\u00e3o corporativa e marketing digital, a pesquisa contou com 335 respondentes.<\/p>\n<p>Dessa forma, a m\u00eddia radiof\u00f4nica tradicional registra, entre os jornalistas brasileiros, audi\u00eancia maior do que os podcasts \u2014 que s\u00e3o acompanhados por 46,3% dos entrevistados. O r\u00e1dio tamb\u00e9m aparece \u00e0 frente de jornais impressos e revistas impressas, com 36,7% e 23,6% de p\u00fablico, respectivamente.<\/p>\n<p>Setor empregador<\/p>\n<p>O meio radiof\u00f4nico surge, ainda, como importante ambiente para o mercado de trabalho. Isso porque entre os respondentes que afirmaram trabalhar em ve\u00edculos de comunica\u00e7\u00e3o, 24,3% atuam profissionalmente em ao menos uma emissora de r\u00e1dio, que, no levantamento, ficou atr\u00e1s apenas de internet e jornal.<\/p>\n<p>A pesquisa<\/p>\n<p>Dispon\u00edvel para download gratuito, o \u201cRaio-X do mercado de jornalismo no Brasil\u201d conta com t\u00f3picos que mostram, por exemplo, a \u201cpejotiza\u00e7\u00e3o\u201d do setor, a carga di\u00e1ria de trabalho dos comunicadores, a quest\u00e3o salarial e o impacto da pandemia para os comunicadores espalhados pelas cinco regi\u00f5es do pa\u00eds.<\/p>\n<p><img fetchpriority=\"high\" decoding=\"async\" class=\"wp-image-17538 aligncenter\" src=\"https:\/\/www.sertsc.org.br\/site\/wp-content\/uploads\/2022\/02\/Design-sem-nome-1-1.png\" alt=\"\" width=\"517\" height=\"345\" \/><\/p>\n<p>Fonte: Tudo R\u00e1dio<\/p>\n","protected":false},"excerpt":{"rendered":"<p>O portal Comunique-se divulgou nesta ter\u00e7a-feira uma pesquisa que mostra&hellip;<\/p>\n<p> <a class=\"more-link\" href=\"https:\/\/sertsc.org.br\/site\/17537-2\/\">Leia mais<\/a><\/p>\n","protected":false},"author":1,"featured_media":17538,"comment_status":"open","ping_status":"open","sticky":false,"template":"","format":"standard","meta":{"footnotes":""},"categories":[33,3],"tags":[],"class_list":{"0":"post-17537","1":"post","2":"type-post","3":"status-publish","4":"format-standard","5":"has-post-thumbnail","7":"category-destaques","8":"category-noticias"},"_links":{"self":[{"href":"https:\/\/sertsc.org.br\/site\/wp-json\/wp\/v2\/posts\/17537","targetHints":{"allow":["GET"]}}],"collection":[{"href":"https:\/\/sertsc.org.br\/site\/wp-json\/wp\/v2\/posts"}],"about":[{"href":"https:\/\/sertsc.org.br\/site\/wp-json\/wp\/v2\/types\/post"}],"author":[{"embeddable":true,"href":"https:\/\/sertsc.org.br\/site\/wp-json\/wp\/v2\/users\/1"}],"replies":[{"embeddable":true,"href":"https:\/\/sertsc.org.br\/site\/wp-json\/wp\/v2\/comments?post=17537"}],"version-history":[{"count":0,"href":"https:\/\/sertsc.org.br\/site\/wp-json\/wp\/v2\/posts\/17537\/revisions"}],"wp:featuredmedia":[{"embeddable":true,"href":"https:\/\/sertsc.org.br\/site\/wp-json\/"}],"wp:attachment":[{"href":"https:\/\/sertsc.org.br\/site\/wp-json\/wp\/v2\/media?parent=17537"}],"wp:term":[{"taxonomy":"category","embeddable":true,"href":"https:\/\/sertsc.org.br\/site\/wp-json\/wp\/v2\/categories?post=17537"},{"taxonomy":"post_tag","embeddable":true,"href":"https:\/\/sertsc.org.br\/site\/wp-json\/wp\/v2\/tags?post=17537"}],"curies":[{"name":"wp","href":"https:\/\/api.w.org\/{rel}","templated":true}]}}