{"id":17531,"date":"2022-02-03T09:18:36","date_gmt":"2022-02-03T12:18:36","guid":{"rendered":"https:\/\/www.sertsc.org.br\/site\/?p=17531"},"modified":"2022-02-03T09:18:36","modified_gmt":"2022-02-03T12:18:36","slug":"calendario-2022-da-voz-do-brazil-e-publicado","status":"publish","type":"post","link":"https:\/\/sertsc.org.br\/site\/calendario-2022-da-voz-do-brazil-e-publicado\/","title":{"rendered":"Calend\u00e1rio 2022 da Voz do Brazil \u00e9 publicado"},"content":{"rendered":"<p>A secretaria da Radiodifus\u00e3o do Minist\u00e9rio das Comunica\u00e7\u00f5es (MCom) informou o calend\u00e1rio de 2022 sobre a flexibiliza\u00e7\u00e3o (ou dispensa) do hor\u00e1rio de retransmiss\u00e3o do programa \u201cA Voz do Brasil\u201d pelas emissoras de radiodifus\u00e3o sonora \u00e9 publicado nesta quarta-feira, 2. A Portaria 4.561\/2022 aponta que, nas datas de comemora\u00e7\u00e3o do anivers\u00e1rio dos munic\u00edpios, as emissoras que desejarem transmitir a\u00e7\u00f5es, eventos ou informa\u00e7\u00f5es relativas \u00e0s festividades est\u00e3o dispensadas da retransmiss\u00e3o do programa. Com essa condi\u00e7\u00e3o, ficam desobrigadas de veicular \u201cA Voz do Brasil\u201d em qualquer hor\u00e1rio do dia.<\/p>\n<p>A mesma situa\u00e7\u00e3o se aplica ao munic\u00edpio de Lages (SC), que entre os dias 10 e 17 de junho realiza a 32\u00aa Festa Nacional do Pinh\u00e3o. A dispensa da retransmiss\u00e3o tamb\u00e9m est\u00e1 definida para o dia do Ga\u00facho e da Revolu\u00e7\u00e3o Farroupilha (20 de setembro), v\u00e1lida para todas as emissoras do estado do Rio Grande do Sul. Essas dispensas s\u00e3o concedidas tendo em vista ocasi\u00f5es de excepcional interesse p\u00fablico, que justifica a veicula\u00e7\u00e3o local das festividades via r\u00e1dio, em fun\u00e7\u00e3o da import\u00e2ncia e da temporariedade na divulga\u00e7\u00e3o dos acontecimentos naquela localidade.<\/p>\n<p>\u201cOs dois eventos foram submetidos em consulta p\u00fablica, realizada no fim do ano passado, para a defini\u00e7\u00e3o do calend\u00e1rio de dispensas de 2022, visando uma maior participa\u00e7\u00e3o da sociedade na constru\u00e7\u00e3o da pol\u00edtica p\u00fablica\u201d, explica o secret\u00e1rio de Radiodifus\u00e3o, Maximiliano Martinh\u00e3o.<\/p>\n<h4>DIAS DE JOGOS<\/h4>\n<p>Em dias de jogos da sele\u00e7\u00e3o brasileira de futebol \u2014 ou jogos de futebol de equipes brasileiras em campeonatos estaduais, nacionais, sulamericanos ou internacionais \u2014 as emissoras que desejarem fazer a transmiss\u00e3o ficam autorizadas a flexibilizar o hor\u00e1rio do programa. Para isso, \u00e9 necess\u00e1rio que duas condi\u00e7\u00f5es sejam observadas: a flexibiliza\u00e7\u00e3o vale para transmiss\u00f5es de jogos com in\u00edcio marcado entre 19h e 20h30, contanto que o programa seja transmitido sem cortes, at\u00e9 23h do mesmo dia; e jogos com in\u00edcio ap\u00f3s 20h30, trazem \u201cA Voz do Brasil\u201d para antes das partidas ou levam o programa a iniciar at\u00e9 as 23h30.<\/p>\n<p>Como regra, n\u00e3o h\u00e1 dispensa devido a jogos de futebol, mesmo em caso de jogos sucessivos. Em casos espec\u00edficos, em que as partidas s\u00e3o alongadas por prorroga\u00e7\u00e3o ou disputa de p\u00eanaltis (ou mesmo por motivo de for\u00e7a maior, impedindo a retransmiss\u00e3o de \u201cA Voz do Brasil\u201d, esta ser\u00e1 dispensada. Por lei, as emissoras de r\u00e1dio s\u00e3o obrigadas a retransmitir o programa diariamente, no hor\u00e1rio compreendido entre \u00e0s 19 e 22 horas, exceto aos s\u00e1bados, domingos e feriados. (<em>Com informa\u00e7\u00f5es do MCom)<br \/>\n<\/em><\/p>\n<p><em><img fetchpriority=\"high\" decoding=\"async\" class=\"wp-image-17532 aligncenter\" src=\"https:\/\/www.sertsc.org.br\/site\/wp-content\/uploads\/2022\/02\/radio-2-1024x474.jpg\" alt=\"\" width=\"458\" height=\"212\" \/><\/em><\/p>\n<p>Fonte: Tele S\u00edntese https:\/\/www.telesintese.com.br\/calendario-que-flexibiliza-a-voz-do-brasil-e-definido\/<\/p>\n","protected":false},"excerpt":{"rendered":"<p>A secretaria da Radiodifus\u00e3o do Minist\u00e9rio das Comunica\u00e7\u00f5es (MCom) informou&hellip;<\/p>\n<p> <a class=\"more-link\" href=\"https:\/\/sertsc.org.br\/site\/calendario-2022-da-voz-do-brazil-e-publicado\/\">Leia mais<\/a><\/p>\n","protected":false},"author":1,"featured_media":17533,"comment_status":"open","ping_status":"open","sticky":false,"template":"","format":"standard","meta":{"footnotes":""},"categories":[33,1,3],"tags":[],"class_list":{"0":"post-17531","1":"post","2":"type-post","3":"status-publish","4":"format-standard","5":"has-post-thumbnail","7":"category-destaques","8":"category-geral","9":"category-noticias"},"_links":{"self":[{"href":"https:\/\/sertsc.org.br\/site\/wp-json\/wp\/v2\/posts\/17531","targetHints":{"allow":["GET"]}}],"collection":[{"href":"https:\/\/sertsc.org.br\/site\/wp-json\/wp\/v2\/posts"}],"about":[{"href":"https:\/\/sertsc.org.br\/site\/wp-json\/wp\/v2\/types\/post"}],"author":[{"embeddable":true,"href":"https:\/\/sertsc.org.br\/site\/wp-json\/wp\/v2\/users\/1"}],"replies":[{"embeddable":true,"href":"https:\/\/sertsc.org.br\/site\/wp-json\/wp\/v2\/comments?post=17531"}],"version-history":[{"count":0,"href":"https:\/\/sertsc.org.br\/site\/wp-json\/wp\/v2\/posts\/17531\/revisions"}],"wp:featuredmedia":[{"embeddable":true,"href":"https:\/\/sertsc.org.br\/site\/wp-json\/"}],"wp:attachment":[{"href":"https:\/\/sertsc.org.br\/site\/wp-json\/wp\/v2\/media?parent=17531"}],"wp:term":[{"taxonomy":"category","embeddable":true,"href":"https:\/\/sertsc.org.br\/site\/wp-json\/wp\/v2\/categories?post=17531"},{"taxonomy":"post_tag","embeddable":true,"href":"https:\/\/sertsc.org.br\/site\/wp-json\/wp\/v2\/tags?post=17531"}],"curies":[{"name":"wp","href":"https:\/\/api.w.org\/{rel}","templated":true}]}}