{"id":17518,"date":"2022-02-01T13:45:56","date_gmt":"2022-02-01T16:45:56","guid":{"rendered":"https:\/\/www.sertsc.org.br\/site\/?p=17518"},"modified":"2022-02-01T13:45:56","modified_gmt":"2022-02-01T16:45:56","slug":"8o-premio-sebrae-de-jornalismo","status":"publish","type":"post","link":"https:\/\/sertsc.org.br\/site\/8o-premio-sebrae-de-jornalismo\/","title":{"rendered":"8\u00ba Pr\u00eamio Sebrae de Jornalismo"},"content":{"rendered":"<p>Sebrae anunciou os nomes dos vencedores da 8\u00aa edi\u00e7\u00e3o do Pr\u00eamio Sebrae de Jornalismo das categorias de Texto, \u00c1udio, V\u00eddeo e Foto. Esta edi\u00e7\u00e3o foi realizada por meio da plataforma digital YouTube na segunda-feira (31).<\/p>\n<p>O tema central escolhido nessa edi\u00e7\u00e3o foi: \u201cA import\u00e2ncia da micro e pequena empresa para o enfrentamento da pandemia\u201d em vis\u00e3o dos acontecimentos recentes. Foram realizadas inscri\u00e7\u00f5es dos jornalistas de todo Brasil, cerca de 1,1 mil candidatos. O presidente Carlos Melles comenta que \u201cvalorizar o jornalismo \u00e9 uma das coisas mais importantes para quem preza a democracia e a transpar\u00eancia\u201d. Para ele \u00e9 um desafio de se reinventar diante que a pandemia imp\u00f4s aos pequenos neg\u00f3cios, ao jornalismo e ao pr\u00f3prio Sebrae.<\/p>\n<p>A grande vencedora da noite foi a reportagem \u201cEmpresa social leva produtos de pequenos agricultores a fam\u00edlias de baixa renda do pa\u00eds\u201d, da TV Globo de S\u00e3o Paulo, que conquistou o pr\u00eamio de melhor reportagem da Categoria V\u00eddeo, al\u00e9m do Grande Pr\u00eamio de Jornalismo. A reportagem foi assinada pela equipe composta pelos profissionais: Mariana Fontes, Rog\u00e9rio Rocha, Renata Puccinelli, Pedro Ferreira, Thiago Cavalheiro, Denise Correa, Samuel Reis e Fab\u00edola Marzabal. Representando a equipe, Mariana Fontes agradeceu o pr\u00eamio e ressaltou a import\u00e2ncia do tema abordado na reportagem. \u201cN\u00f3s mostramos os elos fr\u00e1geis da cadeia de alimentos. Pequenos produtores que muitas vezes n\u00e3o t\u00eam como vender sua produ\u00e7\u00e3o por um pre\u00e7o justo. Al\u00e9m disso, tamb\u00e9m abordamos um outro grande problema que \u00e9 falta de acesso a alimentos de qualidade na periferia das grandes cidades\u201d, comentou.<\/p>\n<p>A jornalista Fabiana Boa Sorte, produtora da TV Globo S\u00e3o Paulo, foi homenageada com o pr\u00eamio Jornalista Parceira do Empreendedor, como reconhecimento ao trabalho feito em favor dos pequenos neg\u00f3cios brasileiros. \u201cO Sebrae sempre nos apresenta hist\u00f3rias incr\u00edveis. Eu n\u00e3o diria que s\u00e3o hist\u00f3rias de supera\u00e7\u00e3o, eu diria que s\u00e3o de reinven\u00e7\u00e3o. E no momento que a gente est\u00e1, precisamos nos reinventar e o Sebrae faz esse papel brilhantemente\u201d, ressaltou a jornalista.<\/p>\n<p>Pedro Jellinek, jornalista da Rede Minas, foi o ganhador da categoria Jornalista Revela\u00e7\u00e3o, para profissionais com at\u00e9 25 anos de idade. Ele comentou que este \u00e9 o primeiro pr\u00eamio da sua carreira. Pedro agradeceu o reconhecimento e dividiu a homenagem com os refugiados venezuelanos, que foram personagens da reportagem: \u201cRefugiados driblam o desemprego investindo em neg\u00f3cios pr\u00f3prios\u201d. \u201cAgrade\u00e7o aos personagens que participaram da mat\u00e9ria. Venezuelanos que passaram por situa\u00e7\u00f5es muito dif\u00edceis no seu pa\u00eds, e que no Brasil encontraram, por meio do empreendedorismo, uma forma de se manter e valorizar sua cultura\u201d, afirmou Pedro.<\/p>\n<p>A jornalista Daniella de Lav\u00f4r, al\u00e9m de Lyana Ribeiro e Elon Nepomuceno Solon, da r\u00e1dio Verdes Mares (CE) conquistaram o pr\u00eamio como melhor reportagem da Categoria \u00c1udio, com o trabalho \u201cCom\u00e9rcio na Pandemia\u201d. Daniella ressaltou o trabalho feito pelos jornalistas na pandemia que tamb\u00e9m tiveram de se reinventar, assim como os donos de pequenos neg\u00f3cios precisaram driblar a crise causada pela pandemia.<\/p>\n<p>O rep\u00f3rter fotogr\u00e1fico Rafael Martins, do TAB UOL, foi o vencedor da categoria melhor Foto, com o trabalho \u201cBorracheiro Seu Modesto faz casas de boneca no fundo da oficina\u201d. \u201cAgrade\u00e7o ao Sebrae pela valoriza\u00e7\u00e3o e pela compreens\u00e3o de um empreendedorismo que se guia pelo afeto e que n\u00e3o vai s\u00f3 pelas l\u00f3gicas mais tradicionais do mercado\u201d, agradeceu Rafael.<\/p>\n<p>A equipe da Revista Pequenas Empresas &amp; Grandes Neg\u00f3cios foi a grande vencedora da Categoria Texto. Claudia Rolli, Mauro Silveira e Marisa Ad\u00e1n Gil conquistaram o pr\u00eamio com a reportagem \u201cDe Grandes para Pequenos. 20 hist\u00f3rias inspiradoras\u201d. \u201cEstou muito emocionada, pois durante essa mat\u00e9ria eu tive a oportunidade de conhecer grandes e pequenos empreendedores que nos ensinaram muito\u201d, comentou Rolli.<\/p>\n<p>Confira a rela\u00e7\u00e3o de finalistas e vencedores de cada categoria:<\/p>\n<p>&nbsp;<\/p>\n<p>Texto<br \/>\n\u2022 De Grandes para Pequenos (Revista Pequenas Empresas &amp; Grandes Neg\u00f3cios \/ SP) \u2013 Autores: Claudia Rolli, Mauro Silveira, Marisa Ad\u00e1n Gil (VENCEDORA)<\/p>\n<p>\u2022 Adapta\u00e7\u00e3o digital: como empresas de Blumenau usaram a tecnologia para se reinventar durante a pandemia (O Munic\u00edpio Blumenau \/ SC) \u2013 Autores: Alice Kienen, Crist\u00f3v\u00e3o Oliveira<\/p>\n<p>\u2022 Empreendedores piauienses apostam na economia criativa e art\u00edstica durante pandemia (Portal O Dia \/ PI) \u2013 Autora: Emelly Alves<\/p>\n<p>\u2022 Pandemia desencoraja jovens (Correio Braziliense \/ DF) \u2013 Autoras: Ana L\u00eddia Ara\u00fajo, Ana Paula Lisboa<\/p>\n<p>\u2022 Transforma\u00e7\u00e3o digital: outras formas de comunicar (DOL \u2013 Di\u00e1rio Online \/ PA) \u2013 Autores: Andressa Ferreira, Kleberson Augusto Pantoja dos Santos, Emerson Coelho.<\/p>\n<p>&nbsp;<\/p>\n<p>\u00c1udio<br \/>\n\u2022 Com\u00e9rcio na Pandemia (R\u00e1dio Verdes Mares \/ CE) \u2013 Autores: Lyana Ribeiro, Daniella de Lav\u00f4r, Elon Nepomuceno Solon (VENCEDORA)<\/p>\n<p>\u2022 A Deliciosa F\u00e1brica de Bolo de Chocolate (R\u00e1dio Liberal \/ PA) \u2013 Autor: Celso Freire<\/p>\n<p>\u2022 Certificado do Sebrae reconhece espa\u00e7os que refor\u00e7am cuidados para evitar a Covid-19 (R\u00e1dio BandNews FM Curitiba \/ PR) \u2013 Autora: Lorena Pelanda<\/p>\n<p>\u2022 De lix\u00e3o a parque: a arquiteta que mudou a paisagem da favela (Ag\u00eancia Mural de Jornalismo das Periferias \u2013 Podcast Pr\u00f3xima Parada \/ SP) \u2013 Autores: Vagner de Alencar, Gabriela Carvalho, Ana Beatriz Felicio, R\u00f4mulo Cabrera, Pammela Gentil<\/p>\n<p>\u2022 Programa do Sebrae, Encadeamento produtivo fortalece pequenos neg\u00f3cios no enfrentamento a pandemia (RVC FM \/ GO) \u2013 Autor: Lucas Moraes.<\/p>\n<p>&nbsp;<\/p>\n<p>V\u00eddeo<br \/>\n\u2022 Empresa social leva produtos de pequenos agricultores a fam\u00edlias de baixa renda do pa\u00eds (TV Globo \/ SP) \u2013 Autores: Mariana Fontes, Rog\u00e9rio Rocha, Renata Puccinelli, Pedro Ferreira, Thiago Cavalheiro, Denise Correa, Samuel Reis, Fab\u00edola Marzabal (VENCEDORA)<\/p>\n<p>\u2022 Do campo \u00e0 mesa com apenas um clique: Tecnologia une produtores de org\u00e2nicos e consumidores em SC (NSC TV \/ SC) \u2013 Autor: Eduardo Prestes<\/p>\n<p>\u2022 Empreendedorismo Rio Azuis (TV Anhanguera \/ TO) \u2013 Autores: Rafael Ishibashi, Ernandes Parri\u00e3o, Elis\u00e2ngela Farias, Jacqueline Fernandes, Reginaldo Bonfim<\/p>\n<p>\u2022 Produtores rurais se reinventam na pandemia e mant\u00e9m vendas (TV Globo \/ DF) \u2013 Autores: Gabrielle Freire, Raphaella Sconetto, Anna Reis, Joelson Maia<\/p>\n<p>\u2022 Projeto \u201cDo Ch\u00e3o Maci\u00e7o\u201d incentiva mulheres do sert\u00e3o do Cear\u00e1 a produzir e a criar na Pandemia (TV Verdes Mares \/ CE) \u2013 Autores: W\u00e2nyffer Monteiro, Susy Costa, Vict\u00f3ria Cris\u00f3stomo, Paulino J\u00fanior, Ot\u00e1vio Augusto.<\/p>\n<p>&nbsp;<\/p>\n<p>Fotojornalismo<br \/>\n\u2022 No Recife, borracheiro Seu Modesto faz casas de boneca no fundo da oficina (TAB UOL \/ PE) \u2013 Autor: Rafael Martins (VENCEDOR)<\/p>\n<p>\u2022 Agridoce: o desafio de crescer no ramo de confeitaria durante a pandemia (RIC Mais \u2013 Grupo RIC \/ PR) \u2013 Autores: Marcio Helegda, Rodrigo Sigmura<\/p>\n<p>\u2022 Balanc\u00e9u (Portal Metr\u00f3poles \/ DF) \u2013 Autor: Gustavo Moreno<\/p>\n<p>\u2022 Manguezal (A Gazeta \/ ES) \u2013 autor: Ricardo Medeiros.<\/p>\n<p><img fetchpriority=\"high\" decoding=\"async\" class=\"wp-image-17519 aligncenter\" src=\"https:\/\/www.sertsc.org.br\/site\/wp-content\/uploads\/2022\/02\/WhatsApp-Image-2022-02-01-at-13.39.56-1024x698.jpeg\" alt=\"\" width=\"479\" height=\"326\" \/><\/p>\n<p>Fonte: Acontecendo Aqui. https:\/\/acontecendoaqui.com.br\/comunicacao\/conheca-os-vencedores-do-8o-premio-sebrae-de-jornalismo\/<\/p>\n","protected":false},"excerpt":{"rendered":"<p>Sebrae anunciou os nomes dos vencedores da 8\u00aa edi\u00e7\u00e3o do&hellip;<\/p>\n<p> <a class=\"more-link\" href=\"https:\/\/sertsc.org.br\/site\/8o-premio-sebrae-de-jornalismo\/\">Leia mais<\/a><\/p>\n","protected":false},"author":1,"featured_media":17520,"comment_status":"open","ping_status":"open","sticky":false,"template":"","format":"standard","meta":{"footnotes":""},"categories":[33,3],"tags":[],"class_list":{"0":"post-17518","1":"post","2":"type-post","3":"status-publish","4":"format-standard","5":"has-post-thumbnail","7":"category-destaques","8":"category-noticias"},"_links":{"self":[{"href":"https:\/\/sertsc.org.br\/site\/wp-json\/wp\/v2\/posts\/17518","targetHints":{"allow":["GET"]}}],"collection":[{"href":"https:\/\/sertsc.org.br\/site\/wp-json\/wp\/v2\/posts"}],"about":[{"href":"https:\/\/sertsc.org.br\/site\/wp-json\/wp\/v2\/types\/post"}],"author":[{"embeddable":true,"href":"https:\/\/sertsc.org.br\/site\/wp-json\/wp\/v2\/users\/1"}],"replies":[{"embeddable":true,"href":"https:\/\/sertsc.org.br\/site\/wp-json\/wp\/v2\/comments?post=17518"}],"version-history":[{"count":0,"href":"https:\/\/sertsc.org.br\/site\/wp-json\/wp\/v2\/posts\/17518\/revisions"}],"wp:featuredmedia":[{"embeddable":true,"href":"https:\/\/sertsc.org.br\/site\/wp-json\/"}],"wp:attachment":[{"href":"https:\/\/sertsc.org.br\/site\/wp-json\/wp\/v2\/media?parent=17518"}],"wp:term":[{"taxonomy":"category","embeddable":true,"href":"https:\/\/sertsc.org.br\/site\/wp-json\/wp\/v2\/categories?post=17518"},{"taxonomy":"post_tag","embeddable":true,"href":"https:\/\/sertsc.org.br\/site\/wp-json\/wp\/v2\/tags?post=17518"}],"curies":[{"name":"wp","href":"https:\/\/api.w.org\/{rel}","templated":true}]}}