{"id":17513,"date":"2022-02-01T09:42:21","date_gmt":"2022-02-01T12:42:21","guid":{"rendered":"https:\/\/www.sertsc.org.br\/site\/?p=17513"},"modified":"2022-02-01T09:42:21","modified_gmt":"2022-02-01T12:42:21","slug":"premio-apca-2022-radios-vencedoras","status":"publish","type":"post","link":"https:\/\/sertsc.org.br\/site\/premio-apca-2022-radios-vencedoras\/","title":{"rendered":"Pr\u00eamio APCA 2022: R\u00e1dios Vencedoras"},"content":{"rendered":"<p>Associa\u00e7\u00e3o Paulista dos Cr\u00edticos de Arte anuncia os contemplados do Pr\u00eamio APCA 2021 dentre inumeras \u00e1reas como Artes Visuais, Cinema, M\u00fasica Popular, R\u00e1dio e Televis\u00e3o. O r\u00e1dio apresenta 5 subcategorias.<\/p>\n<p>A assembleia foi realizada em formato virtual nesta segunda-feira, reunindo os cr\u00edticos que escolheram os premiados como R\u00e1dio Bandeirantes FM 90.9 AM 840, Eldorado FM 107.3 e Cultura Brasil AM 1200 de S\u00e3o Paulo.<\/p>\n<p>De acordo com Maria Fernanda Teixeira, presidente da APCA, \u201c\u00e9 de fundamental import\u00e2ncia celebrar e preservar a cultura, bem maior de um pa\u00eds, express\u00e3o art\u00edstica de um povo que deve ser valorizada e incentivada. Somos fortes e sempre estaremos abra\u00e7ados com o conhecimento e a cria\u00e7\u00e3o, importantes valores e riquezas de uma sociedade. No ano do bicenten\u00e1rio da Independ\u00eancia, viva a diversidade, a inclus\u00e3o e os 100 anos da Semana de Arte Moderna de 22\u201d, ressaltou.<\/p>\n<p>A cerim\u00f4nia de premia\u00e7\u00e3o com a respectiva entrega dos trof\u00e9us, prevista para acontecer ainda neste primeiro semestre do ano, est\u00e1 em fase de viabiliza\u00e7\u00e3o, com a APCA em busca de apoios e patroc\u00ednios para sua realiza\u00e7\u00e3o. Os cr\u00edticos que votaram na categoria R\u00e1dio foram Fausto Silva Neto, Marcelo Abud, Marco Antonio Ribeiro e Maria Fernanda Teixeira.<\/p>\n<p>Segue abaixo a lista dos vencedores:<\/p>\n<p>Melhor PODCAST<br \/>\n*&#8221;Paciente 63&#8243;, com Mel Lisboa e Seu Jorge (Original e exclusivo Spotify)<\/p>\n<p>R\u00c1DIO PR\u00caMIO ESPECIAL do J\u00fari<br \/>\nR\u00e1dio Cultura Brasil (AM, FM e Portal TV Cultura)<\/p>\n<p>Melhor PRODU\u00c7\u00c3O<br \/>\nEmanuel Bonfim e Leandro Cacossi &#8211; pelo programa &#8220;Fim de Tarde Eldorado&#8221; (Portal e R\u00e1dio Eldorado FM, Spotify, Google Podcasts e outros)<\/p>\n<p>Melhor APRESENTA\u00c7\u00c3O<br \/>\nDanilo Gobatto &#8211; &#8220;Antenados\u201d &#8211; (R\u00e1dio Bandeirantes, Portal Band, YouTube, Spotify e outros)<\/p>\n<p>DESTAQUE EM CULTURA<br \/>\n* Jo\u00e3o Marcello B\u00f4scoli, pelo &#8220;Contraponto&#8221; (R\u00e1dio Cultura Brasil &#8211; AM, FM e Portal TV Cultura)<br \/>\n<img fetchpriority=\"high\" decoding=\"async\" class=\"wp-image-17514 aligncenter\" src=\"https:\/\/www.sertsc.org.br\/site\/wp-content\/uploads\/2022\/02\/WhatsApp-Image-2022-02-01-at-09.35.36-1024x677.jpeg\" alt=\"\" width=\"425\" height=\"281\" \/><\/p>\n<p>Fonte: Tudo R\u00e1dio https:\/\/tudoradio.com\/noticias\/ver\/26817-associacao-paulista-dos-criticos-de-arte-divulga-vencedores-do-premio-apca-2022<\/p>\n","protected":false},"excerpt":{"rendered":"<p>Associa\u00e7\u00e3o Paulista dos Cr\u00edticos de Arte anuncia os contemplados do&hellip;<\/p>\n<p> <a class=\"more-link\" href=\"https:\/\/sertsc.org.br\/site\/premio-apca-2022-radios-vencedoras\/\">Leia mais<\/a><\/p>\n","protected":false},"author":1,"featured_media":17517,"comment_status":"open","ping_status":"open","sticky":false,"template":"","format":"standard","meta":{"footnotes":""},"categories":[33,3],"tags":[],"class_list":{"0":"post-17513","1":"post","2":"type-post","3":"status-publish","4":"format-standard","5":"has-post-thumbnail","7":"category-destaques","8":"category-noticias"},"_links":{"self":[{"href":"https:\/\/sertsc.org.br\/site\/wp-json\/wp\/v2\/posts\/17513","targetHints":{"allow":["GET"]}}],"collection":[{"href":"https:\/\/sertsc.org.br\/site\/wp-json\/wp\/v2\/posts"}],"about":[{"href":"https:\/\/sertsc.org.br\/site\/wp-json\/wp\/v2\/types\/post"}],"author":[{"embeddable":true,"href":"https:\/\/sertsc.org.br\/site\/wp-json\/wp\/v2\/users\/1"}],"replies":[{"embeddable":true,"href":"https:\/\/sertsc.org.br\/site\/wp-json\/wp\/v2\/comments?post=17513"}],"version-history":[{"count":0,"href":"https:\/\/sertsc.org.br\/site\/wp-json\/wp\/v2\/posts\/17513\/revisions"}],"wp:featuredmedia":[{"embeddable":true,"href":"https:\/\/sertsc.org.br\/site\/wp-json\/"}],"wp:attachment":[{"href":"https:\/\/sertsc.org.br\/site\/wp-json\/wp\/v2\/media?parent=17513"}],"wp:term":[{"taxonomy":"category","embeddable":true,"href":"https:\/\/sertsc.org.br\/site\/wp-json\/wp\/v2\/categories?post=17513"},{"taxonomy":"post_tag","embeddable":true,"href":"https:\/\/sertsc.org.br\/site\/wp-json\/wp\/v2\/tags?post=17513"}],"curies":[{"name":"wp","href":"https:\/\/api.w.org\/{rel}","templated":true}]}}