{"id":17501,"date":"2022-01-31T11:19:03","date_gmt":"2022-01-31T14:19:03","guid":{"rendered":"https:\/\/www.sertsc.org.br\/site\/?p=17501"},"modified":"2022-01-31T11:19:03","modified_gmt":"2022-01-31T14:19:03","slug":"impacto-da-lei-geral-de-protecao-de-dados-para-a-radiodifusao","status":"publish","type":"post","link":"https:\/\/sertsc.org.br\/site\/impacto-da-lei-geral-de-protecao-de-dados-para-a-radiodifusao\/","title":{"rendered":"Impacto da Lei Geral de Prote\u00e7\u00e3o de Dados para a Radiodifus\u00e3o"},"content":{"rendered":"<p>A Lei Geral de Prote\u00e7\u00e3o de Dados (Lei 13.709\/18) disp\u00f5e sobre o tratamento de dados pessoais, inclusive nos meios digitais. Essa regulamenta\u00e7\u00e3o impacta diretamente as empresas, incluindo empresas de R\u00e1dio e Televis\u00e3o. O cuidado deve ser redobrado no tratamento dos dados pessoais de capta\u00e7\u00e3o seja na forma digital ou f\u00edsica, na rela\u00e7\u00e3o com os ouvintes, telespectadores, consumidores, fornecedores e colaboradores.<\/p>\n<p>A legisla\u00e7\u00e3o tem objetivo de proteger os direitos fundamentais de liberdade, de privacidade e o livre desenvolvimento da personalidade da pessoa natural.<\/p>\n<p>Neste sentido, as empresas de R\u00e1dio e Televis\u00e3o precisam adotar medidas para continuarem realizando o tratamento dos dados pessoais, tais como:<\/p>\n<p>&#8211; Ajuste dos Termos de uso e Pol\u00edtica de Privacidade e cookies;<br \/>\n&#8211; Classifica\u00e7\u00e3o dos dados pessoais colhidos e tratados;<br \/>\n&#8211; Enquadramento dos dados tratados na permiss\u00e3o legal para a utiliza\u00e7\u00e3o;<br \/>\n&#8211; Adequa\u00e7\u00e3o dos contratos com fornecedor, terceiros e empregados;<br \/>\n&#8211; Treinamento aos colaboradores;<br \/>\n&#8211; Ado\u00e7\u00e3o de procedimento preventivos e de seguran\u00e7a dos dados;<br \/>\n&#8211; Elabora\u00e7\u00e3o de relat\u00f3rio de impacto e risco.<\/p>\n<p>As empresas de R\u00e1dio e Televis\u00e3o precisam estar em conformidade com a legisla\u00e7\u00e3o vigente, no momento a Lei Geral de Prote\u00e7\u00e3o de Dados Pessoais exige adequa\u00e7\u00f5es nos sistemas, procedimentos e rotinas das empresas.<\/p>\n<p>Para mais informa\u00e7\u00f5es ou para promover implementa\u00e7\u00e3o e as necess\u00e1rias adequa\u00e7\u00f5es, procure um profissional especialista na \u00e1rea.<\/p>\n<p><img fetchpriority=\"high\" decoding=\"async\" class=\"wp-image-17510 aligncenter\" src=\"https:\/\/www.sertsc.org.br\/site\/wp-content\/uploads\/2022\/01\/foto-02-1-1024x1024.jpg\" alt=\"\" width=\"346\" height=\"346\" \/><br \/>\nMarcos Ant\u00f4nio Silveira, advogado (OAB\/SC 15.312), consultor jur\u00eddico do Sindicato Patronal das Empresas de R\u00e1dio e Televis\u00e3o do Estado de Santa Catarina &#8211; SERT\/SC, professor e assessor jur\u00eddico da Faculdade de Tecnologia AEROTD. Especialista em LGPD.<\/p>\n","protected":false},"excerpt":{"rendered":"<p>A Lei Geral de Prote\u00e7\u00e3o de Dados (Lei 13.709\/18) disp\u00f5e&hellip;<\/p>\n<p> <a class=\"more-link\" href=\"https:\/\/sertsc.org.br\/site\/impacto-da-lei-geral-de-protecao-de-dados-para-a-radiodifusao\/\">Leia mais<\/a><\/p>\n","protected":false},"author":1,"featured_media":17509,"comment_status":"open","ping_status":"open","sticky":false,"template":"","format":"standard","meta":{"footnotes":""},"categories":[33,3],"tags":[],"class_list":{"0":"post-17501","1":"post","2":"type-post","3":"status-publish","4":"format-standard","5":"has-post-thumbnail","7":"category-destaques","8":"category-noticias"},"_links":{"self":[{"href":"https:\/\/sertsc.org.br\/site\/wp-json\/wp\/v2\/posts\/17501","targetHints":{"allow":["GET"]}}],"collection":[{"href":"https:\/\/sertsc.org.br\/site\/wp-json\/wp\/v2\/posts"}],"about":[{"href":"https:\/\/sertsc.org.br\/site\/wp-json\/wp\/v2\/types\/post"}],"author":[{"embeddable":true,"href":"https:\/\/sertsc.org.br\/site\/wp-json\/wp\/v2\/users\/1"}],"replies":[{"embeddable":true,"href":"https:\/\/sertsc.org.br\/site\/wp-json\/wp\/v2\/comments?post=17501"}],"version-history":[{"count":0,"href":"https:\/\/sertsc.org.br\/site\/wp-json\/wp\/v2\/posts\/17501\/revisions"}],"wp:featuredmedia":[{"embeddable":true,"href":"https:\/\/sertsc.org.br\/site\/wp-json\/"}],"wp:attachment":[{"href":"https:\/\/sertsc.org.br\/site\/wp-json\/wp\/v2\/media?parent=17501"}],"wp:term":[{"taxonomy":"category","embeddable":true,"href":"https:\/\/sertsc.org.br\/site\/wp-json\/wp\/v2\/categories?post=17501"},{"taxonomy":"post_tag","embeddable":true,"href":"https:\/\/sertsc.org.br\/site\/wp-json\/wp\/v2\/tags?post=17501"}],"curies":[{"name":"wp","href":"https:\/\/api.w.org\/{rel}","templated":true}]}}