{"id":17485,"date":"2022-01-28T08:34:49","date_gmt":"2022-01-28T11:34:49","guid":{"rendered":"https:\/\/www.sertsc.org.br\/site\/?p=17485"},"modified":"2022-01-28T08:34:49","modified_gmt":"2022-01-28T11:34:49","slug":"programa-digitaliza-brasil-do-mcom-entra-em-fase-final","status":"publish","type":"post","link":"https:\/\/sertsc.org.br\/site\/programa-digitaliza-brasil-do-mcom-entra-em-fase-final\/","title":{"rendered":"Minist\u00e9rio das Comunica\u00e7\u00f5es conduz para fase final o PROGRAMA DIGITALIZA BRASIL"},"content":{"rendered":"<p>O PROGRAMA DIGITALIZA BRASIL entra em fase final e o Minist\u00e9rio das Comunica\u00e7\u00f5es (MCom) convoca 244 munic\u00edpios para manifestarem interesse \u00e0 ades\u00e3o. O sinal anal\u00f3gico de TV aberta finda em 31 de dezembro de 2023 em todo o territ\u00f3rio brasileiro.<br \/>\nO Minist\u00e9rio das Comunica\u00e7\u00f5es (MCom) publicou, nesta quinta-feira, 27 de janeiro, o edital da Fase 3 do programa Digitaliza Brasil. Essa \u00e9 a \u00faltima etapa da iniciativa que expandir\u00e1 o sinal digital da TV a pouco mais de 1.600 munic\u00edpios que, at\u00e9 hoje, s\u00f3 t\u00eam a disposi\u00e7\u00e3o o sinal anal\u00f3gico. Desta vez, foram convocados 244 munic\u00edpios dos estados do Acre, Amazonas, Amap\u00e1, Goi\u00e1s, Mato Grosso do Sul, Mato Grosso, Par\u00e1, Rond\u00f4nia, Roraima e Tocantins. O documento foi publicado no Di\u00e1rio Oficial da Uni\u00e3o (DOU).<\/p>\n<p>A partir de hoje, as prefeituras dos estados listados no edital t\u00eam prazo at\u00e9 25 de fevereiro para manifestar interesse em aderir ao Digitaliza Brasil. Para isso, o chefe do Poder Executivo Municipal ou o representante legalmente constitu\u00eddo ou indicado para este fim, dever\u00e1 preencher um formul\u00e1rio disponibilizado na p\u00e1gina do programa. Depois que manifestarem interesse, as prefeituras ter\u00e3o que aguardar a avalia\u00e7\u00e3o do MCom. Assim que o resultado for divulgado, as prefeituras aprovadas ter\u00e3o que assinar um Termo de Ades\u00e3o ao Programa Digitaliza Brasil.<\/p>\n<p>RETA FINAL<br \/>\nO Programa Digitaliza Brasil foi criado em maio de 2021 para levar o sinal digital da TV a 1.638 munic\u00edpios onde o \u00fanico sinal de TV dispon\u00edvel \u00e9 o anal\u00f3gico. A meta \u00e9 concluir o processo de digitaliza\u00e7\u00e3o dos sinais da TV at\u00e9 31 de dezembro de 2023.<\/p>\n<p>O Digitaliza Brasil tamb\u00e9m distribui kits de convers\u00e3o do sinal anal\u00f3gico para o digital \u00e0s fam\u00edlias de baixa renda, integrantes do Cadastro \u00danico. Para isso, as fam\u00edlias devem atender aos crit\u00e9rios estabelecidos pelo GIRED, Grupo gestor constitu\u00eddo pelo MCom, Anatel e Setor de Radiodifus\u00e3o e de Telecomunica\u00e7\u00f5es.<\/p>\n<p>Al\u00e9m de convocar a prefeitura dos munic\u00edpios, o Digitaliza Brasil chama \u00e0 ades\u00e3o tamb\u00e9m as emissoras prestadoras do servi\u00e7o de radiodifus\u00e3o para tamb\u00e9m integrarem-se ao programa, dentro do prazo previsto no edital. O edital da Fase 3 mant\u00e9m o mesmo prazo (25 de fevereiro) para que as emissoras tamb\u00e9m manifestem interesse em aderir ao Digitaliza. (Com informa\u00e7\u00f5es do Minist\u00e9rio das Comunica\u00e7\u00f5es)<\/p>\n<p><img fetchpriority=\"high\" decoding=\"async\" class=\"wp-image-17486 aligncenter\" src=\"https:\/\/www.sertsc.org.br\/site\/wp-content\/uploads\/2022\/01\/28-1024x524.jpg\" alt=\"\" width=\"681\" height=\"349\" \/><br \/>\nFonte: Tele S\u00edntese. https:\/\/www.telesintese.com.br\/programa-digitaliza-brasil-do-mcom-entra-em-fase-final\/<\/p>\n<p>&nbsp;<\/p>\n","protected":false},"excerpt":{"rendered":"<p>O PROGRAMA DIGITALIZA BRASIL entra em fase final e o&hellip;<\/p>\n<p> <a class=\"more-link\" href=\"https:\/\/sertsc.org.br\/site\/programa-digitaliza-brasil-do-mcom-entra-em-fase-final\/\">Leia mais<\/a><\/p>\n","protected":false},"author":1,"featured_media":17486,"comment_status":"open","ping_status":"open","sticky":false,"template":"","format":"standard","meta":{"footnotes":""},"categories":[33,3],"tags":[],"class_list":{"0":"post-17485","1":"post","2":"type-post","3":"status-publish","4":"format-standard","5":"has-post-thumbnail","7":"category-destaques","8":"category-noticias"},"_links":{"self":[{"href":"https:\/\/sertsc.org.br\/site\/wp-json\/wp\/v2\/posts\/17485","targetHints":{"allow":["GET"]}}],"collection":[{"href":"https:\/\/sertsc.org.br\/site\/wp-json\/wp\/v2\/posts"}],"about":[{"href":"https:\/\/sertsc.org.br\/site\/wp-json\/wp\/v2\/types\/post"}],"author":[{"embeddable":true,"href":"https:\/\/sertsc.org.br\/site\/wp-json\/wp\/v2\/users\/1"}],"replies":[{"embeddable":true,"href":"https:\/\/sertsc.org.br\/site\/wp-json\/wp\/v2\/comments?post=17485"}],"version-history":[{"count":0,"href":"https:\/\/sertsc.org.br\/site\/wp-json\/wp\/v2\/posts\/17485\/revisions"}],"wp:featuredmedia":[{"embeddable":true,"href":"https:\/\/sertsc.org.br\/site\/wp-json\/"}],"wp:attachment":[{"href":"https:\/\/sertsc.org.br\/site\/wp-json\/wp\/v2\/media?parent=17485"}],"wp:term":[{"taxonomy":"category","embeddable":true,"href":"https:\/\/sertsc.org.br\/site\/wp-json\/wp\/v2\/categories?post=17485"},{"taxonomy":"post_tag","embeddable":true,"href":"https:\/\/sertsc.org.br\/site\/wp-json\/wp\/v2\/tags?post=17485"}],"curies":[{"name":"wp","href":"https:\/\/api.w.org\/{rel}","templated":true}]}}